{"id":14450,"date":"2018-07-09T10:13:40","date_gmt":"2018-07-09T08:13:40","guid":{"rendered":"https:\/\/costablancatoday.jasbat.com\/?p=14450"},"modified":"2018-07-25T10:31:35","modified_gmt":"2018-07-25T08:31:35","slug":"carabassi-elche","status":"publish","type":"post","link":"https:\/\/costablancaup.com\/es\/carabassi-elche\/","title":{"rendered":"Carabass\u00ed (Elche)"},"content":{"rendered":"<p><img loading=\"lazy\" decoding=\"async\" src=\"\/wp-content\/uploads\/2018\/07\/playa-carabassi.jpg\" alt=\"Playa Carabass\u00ed\" width=\"1024\" height=\"623\" class=\"alignnone size-full wp-image-14318\" srcset=\"https:\/\/costablancaup.com\/wp-content\/uploads\/2018\/07\/playa-carabassi.jpg 1024w, https:\/\/costablancaup.com\/wp-content\/uploads\/2018\/07\/playa-carabassi-300x183.jpg 300w, https:\/\/costablancaup.com\/wp-content\/uploads\/2018\/07\/playa-carabassi-768x467.jpg 768w, https:\/\/costablancaup.com\/wp-content\/uploads\/2018\/07\/playa-carabassi-400x243.jpg 400w\" sizes=\"auto, (max-width: 1024px) 100vw, 1024px\" \/><\/p>\n<p>En el t\u00e9rmino municipal de Elche y junto a los Arenales de Sol se encuentran los retazos dunares que dan paso al cabo de Santa Pola y que forman parte de un conjunto natural m\u00e1s amplio formado por dunas y zonas h\u00famedas protegidas a nivel auton\u00f3mico como el Clot de Galvany. <\/p>\n<p><img loading=\"lazy\" decoding=\"async\" src=\"\/wp-content\/uploads\/2018\/07\/playa-carabassi2.jpg\" alt=\"Playa Carabass\u00ed\" width=\"542\" height=\"198\" class=\"alignnone size-full wp-image-14319\" srcset=\"https:\/\/costablancaup.com\/wp-content\/uploads\/2018\/07\/playa-carabassi2.jpg 542w, https:\/\/costablancaup.com\/wp-content\/uploads\/2018\/07\/playa-carabassi2-300x110.jpg 300w, https:\/\/costablancaup.com\/wp-content\/uploads\/2018\/07\/playa-carabassi2-400x146.jpg 400w\" sizes=\"auto, (max-width: 542px) 100vw, 542px\" \/><\/p>\n<p>La zona aparentemente dormida si el verano ha sido riguroso y las lluvias remolonean en el oto\u00f1o, se convierte en una reserva natural y previene de feroces avenidas acumulando agua durante los cortos pero torrenciales periodos de gota fr\u00eda. El entorno tiene el encanto de lo fugaz, de lo precario y, en definitiva, de la naturaleza indomable que se escapa por las rendijas en un entorno que le es hostil.<\/p>\n","protected":false},"excerpt":{"rendered":"<p>En el t\u00e9rmino municipal de Elche y junto a los Arenales de Sol se encuentran los retazos dunares que dan paso al cabo de Santa Pola y que forman parte de un conjunto natural m\u00e1s amplio formado por dunas y zonas h\u00famedas protegidas a nivel auton\u00f3mico como el Clot de Galvany. La zona aparentemente dormida si el verano ha sido riguroso y las lluvias remolonean en el oto\u00f1o, se convierte en una reserva natural y previene de feroces avenidas acumulando agua durante los cortos pero torrenciales periodos de gota fr\u00eda. El entorno tiene el encanto de lo fugaz, de lo [&hellip;]<\/p>\n","protected":false},"author":1,"featured_media":14318,"comment_status":"open","ping_status":"closed","sticky":false,"template":"","format":"standard","meta":{"footnotes":""},"categories":[5028],"tags":[5117],"class_list":["post-14450","post","type-post","status-publish","format-standard","has-post-thumbnail","hentry","category-playas","tag-elche-es"],"yoast_head":"<!-- This site is optimized with the Yoast SEO plugin v27.4 - https:\/\/yoast.com\/product\/yoast-seo-wordpress\/ -->\n<title>COSTA BLANCA UP - Carabass\u00ed (Elche)<\/title>\n<meta name=\"robots\" content=\"index, follow, max-snippet:-1, max-image-preview:large, max-video-preview:-1\" \/>\n<link rel=\"canonical\" href=\"https:\/\/costablancaup.com\/es\/carabassi-elche\/\" \/>\n<meta property=\"og:locale\" content=\"es_ES\" \/>\n<meta property=\"og:type\" content=\"article\" \/>\n<meta property=\"og:title\" content=\"COSTA BLANCA UP - Carabass\u00ed (Elche)\" \/>\n<meta property=\"og:description\" content=\"En el t\u00e9rmino municipal de Elche y junto a los Arenales de Sol se encuentran los retazos dunares que dan paso al cabo de Santa Pola y que forman parte de un conjunto natural m\u00e1s amplio formado por dunas y zonas h\u00famedas protegidas a nivel auton\u00f3mico como el Clot de Galvany. La zona aparentemente dormida si el verano ha sido riguroso y las lluvias remolonean en el oto\u00f1o, se convierte en una reserva natural y previene de feroces avenidas acumulando agua durante los cortos pero torrenciales periodos de gota fr\u00eda. El entorno tiene el encanto de lo fugaz, de lo [&hellip;]\" \/>\n<meta property=\"og:url\" content=\"https:\/\/costablancaup.com\/es\/carabassi-elche\/\" \/>\n<meta property=\"og:site_name\" content=\"COSTA BLANCA UP\" \/>\n<meta property=\"article:published_time\" content=\"2018-07-09T08:13:40+00:00\" \/>\n<meta property=\"article:modified_time\" content=\"2018-07-25T08:31:35+00:00\" \/>\n<meta property=\"og:image\" content=\"https:\/\/costablancaup.com\/wp-content\/uploads\/2018\/07\/playa-carabassi.jpg\" \/>\n\t<meta property=\"og:image:width\" content=\"1024\" \/>\n\t<meta property=\"og:image:height\" content=\"623\" \/>\n\t<meta property=\"og:image:type\" content=\"image\/jpeg\" \/>\n<meta name=\"author\" content=\"jas_admin\" \/>\n<meta name=\"twitter:card\" content=\"summary_large_image\" \/>\n<meta name=\"twitter:label1\" content=\"Escrito por\" \/>\n\t<meta name=\"twitter:data1\" content=\"jas_admin\" \/>\n\t<meta name=\"twitter:label2\" content=\"Tiempo de lectura\" \/>\n\t<meta name=\"twitter:data2\" content=\"1 minuto\" \/>\n<script type=\"application\/ld+json\" class=\"yoast-schema-graph\">{\"@context\":\"https:\\\/\\\/schema.org\",\"@graph\":[{\"@type\":\"Article\",\"@id\":\"https:\\\/\\\/costablancaup.com\\\/es\\\/carabassi-elche\\\/#article\",\"isPartOf\":{\"@id\":\"https:\\\/\\\/costablancaup.com\\\/es\\\/carabassi-elche\\\/\"},\"author\":{\"name\":\"jas_admin\",\"@id\":\"https:\\\/\\\/costablancaup.com\\\/es\\\/#\\\/schema\\\/person\\\/a4a0ee1ba74dae33c5d59d6279cd9489\"},\"headline\":\"Carabass\u00ed (Elche)\",\"datePublished\":\"2018-07-09T08:13:40+00:00\",\"dateModified\":\"2018-07-25T08:31:35+00:00\",\"mainEntityOfPage\":{\"@id\":\"https:\\\/\\\/costablancaup.com\\\/es\\\/carabassi-elche\\\/\"},\"wordCount\":129,\"commentCount\":0,\"publisher\":{\"@id\":\"https:\\\/\\\/costablancaup.com\\\/es\\\/#organization\"},\"image\":{\"@id\":\"https:\\\/\\\/costablancaup.com\\\/es\\\/carabassi-elche\\\/#primaryimage\"},\"thumbnailUrl\":\"https:\\\/\\\/costablancaup.com\\\/wp-content\\\/uploads\\\/2018\\\/07\\\/playa-carabassi.jpg\",\"keywords\":[\"Elche\"],\"articleSection\":[\"Playas\"],\"inLanguage\":\"es\",\"potentialAction\":[{\"@type\":\"CommentAction\",\"name\":\"Comment\",\"target\":[\"https:\\\/\\\/costablancaup.com\\\/es\\\/carabassi-elche\\\/#respond\"]}]},{\"@type\":\"WebPage\",\"@id\":\"https:\\\/\\\/costablancaup.com\\\/es\\\/carabassi-elche\\\/\",\"url\":\"https:\\\/\\\/costablancaup.com\\\/es\\\/carabassi-elche\\\/\",\"name\":\"COSTA BLANCA UP - Carabass\u00ed (Elche)\",\"isPartOf\":{\"@id\":\"https:\\\/\\\/costablancaup.com\\\/es\\\/#website\"},\"primaryImageOfPage\":{\"@id\":\"https:\\\/\\\/costablancaup.com\\\/es\\\/carabassi-elche\\\/#primaryimage\"},\"image\":{\"@id\":\"https:\\\/\\\/costablancaup.com\\\/es\\\/carabassi-elche\\\/#primaryimage\"},\"thumbnailUrl\":\"https:\\\/\\\/costablancaup.com\\\/wp-content\\\/uploads\\\/2018\\\/07\\\/playa-carabassi.jpg\",\"datePublished\":\"2018-07-09T08:13:40+00:00\",\"dateModified\":\"2018-07-25T08:31:35+00:00\",\"breadcrumb\":{\"@id\":\"https:\\\/\\\/costablancaup.com\\\/es\\\/carabassi-elche\\\/#breadcrumb\"},\"inLanguage\":\"es\",\"potentialAction\":[{\"@type\":\"ReadAction\",\"target\":[\"https:\\\/\\\/costablancaup.com\\\/es\\\/carabassi-elche\\\/\"]}]},{\"@type\":\"ImageObject\",\"inLanguage\":\"es\",\"@id\":\"https:\\\/\\\/costablancaup.com\\\/es\\\/carabassi-elche\\\/#primaryimage\",\"url\":\"https:\\\/\\\/costablancaup.com\\\/wp-content\\\/uploads\\\/2018\\\/07\\\/playa-carabassi.jpg\",\"contentUrl\":\"https:\\\/\\\/costablancaup.com\\\/wp-content\\\/uploads\\\/2018\\\/07\\\/playa-carabassi.jpg\",\"width\":1024,\"height\":623,\"caption\":\"Playa Carabass\u00ed\"},{\"@type\":\"BreadcrumbList\",\"@id\":\"https:\\\/\\\/costablancaup.com\\\/es\\\/carabassi-elche\\\/#breadcrumb\",\"itemListElement\":[{\"@type\":\"ListItem\",\"position\":1,\"name\":\"Home\",\"item\":\"https:\\\/\\\/costablancaup.com\\\/es\\\/\"},{\"@type\":\"ListItem\",\"position\":2,\"name\":\"Carabass\u00ed (Elche)\"}]},{\"@type\":\"WebSite\",\"@id\":\"https:\\\/\\\/costablancaup.com\\\/es\\\/#website\",\"url\":\"https:\\\/\\\/costablancaup.com\\\/es\\\/\",\"name\":\"COSTA BLANCA UP\",\"description\":\"Costa Blanca Events and Agenda\",\"publisher\":{\"@id\":\"https:\\\/\\\/costablancaup.com\\\/es\\\/#organization\"},\"potentialAction\":[{\"@type\":\"SearchAction\",\"target\":{\"@type\":\"EntryPoint\",\"urlTemplate\":\"https:\\\/\\\/costablancaup.com\\\/es\\\/?s={search_term_string}\"},\"query-input\":{\"@type\":\"PropertyValueSpecification\",\"valueRequired\":true,\"valueName\":\"search_term_string\"}}],\"inLanguage\":\"es\"},{\"@type\":\"Organization\",\"@id\":\"https:\\\/\\\/costablancaup.com\\\/es\\\/#organization\",\"name\":\"Costa Blanca Up\",\"url\":\"https:\\\/\\\/costablancaup.com\\\/es\\\/\",\"logo\":{\"@type\":\"ImageObject\",\"inLanguage\":\"es\",\"@id\":\"https:\\\/\\\/costablancaup.com\\\/es\\\/#\\\/schema\\\/logo\\\/image\\\/\",\"url\":\"https:\\\/\\\/costablancaup.com\\\/wp-content\\\/uploads\\\/2018\\\/07\\\/titulo_web-1.png\",\"contentUrl\":\"https:\\\/\\\/costablancaup.com\\\/wp-content\\\/uploads\\\/2018\\\/07\\\/titulo_web-1.png\",\"width\":1973,\"height\":303,\"caption\":\"Costa Blanca Up\"},\"image\":{\"@id\":\"https:\\\/\\\/costablancaup.com\\\/es\\\/#\\\/schema\\\/logo\\\/image\\\/\"}},{\"@type\":\"Person\",\"@id\":\"https:\\\/\\\/costablancaup.com\\\/es\\\/#\\\/schema\\\/person\\\/a4a0ee1ba74dae33c5d59d6279cd9489\",\"name\":\"jas_admin\",\"image\":{\"@type\":\"ImageObject\",\"inLanguage\":\"es\",\"@id\":\"https:\\\/\\\/secure.gravatar.com\\\/avatar\\\/d5a1282fae1020d8b4f7a1b95dac31c3c08f7dfd0a06b2ba5aa24fa117526f78?s=96&d=mm&r=g\",\"url\":\"https:\\\/\\\/secure.gravatar.com\\\/avatar\\\/d5a1282fae1020d8b4f7a1b95dac31c3c08f7dfd0a06b2ba5aa24fa117526f78?s=96&d=mm&r=g\",\"contentUrl\":\"https:\\\/\\\/secure.gravatar.com\\\/avatar\\\/d5a1282fae1020d8b4f7a1b95dac31c3c08f7dfd0a06b2ba5aa24fa117526f78?s=96&d=mm&r=g\",\"caption\":\"jas_admin\"}}]}<\/script>\n<!-- \/ Yoast SEO plugin. -->","yoast_head_json":{"title":"COSTA BLANCA UP - Carabass\u00ed (Elche)","robots":{"index":"index","follow":"follow","max-snippet":"max-snippet:-1","max-image-preview":"max-image-preview:large","max-video-preview":"max-video-preview:-1"},"canonical":"https:\/\/costablancaup.com\/es\/carabassi-elche\/","og_locale":"es_ES","og_type":"article","og_title":"COSTA BLANCA UP - Carabass\u00ed (Elche)","og_description":"En el t\u00e9rmino municipal de Elche y junto a los Arenales de Sol se encuentran los retazos dunares que dan paso al cabo de Santa Pola y que forman parte de un conjunto natural m\u00e1s amplio formado por dunas y zonas h\u00famedas protegidas a nivel auton\u00f3mico como el Clot de Galvany. La zona aparentemente dormida si el verano ha sido riguroso y las lluvias remolonean en el oto\u00f1o, se convierte en una reserva natural y previene de feroces avenidas acumulando agua durante los cortos pero torrenciales periodos de gota fr\u00eda. El entorno tiene el encanto de lo fugaz, de lo [&hellip;]","og_url":"https:\/\/costablancaup.com\/es\/carabassi-elche\/","og_site_name":"COSTA BLANCA UP","article_published_time":"2018-07-09T08:13:40+00:00","article_modified_time":"2018-07-25T08:31:35+00:00","og_image":[{"width":1024,"height":623,"url":"https:\/\/costablancaup.com\/wp-content\/uploads\/2018\/07\/playa-carabassi.jpg","type":"image\/jpeg"}],"author":"jas_admin","twitter_card":"summary_large_image","twitter_misc":{"Escrito por":"jas_admin","Tiempo de lectura":"1 minuto"},"schema":{"@context":"https:\/\/schema.org","@graph":[{"@type":"Article","@id":"https:\/\/costablancaup.com\/es\/carabassi-elche\/#article","isPartOf":{"@id":"https:\/\/costablancaup.com\/es\/carabassi-elche\/"},"author":{"name":"jas_admin","@id":"https:\/\/costablancaup.com\/es\/#\/schema\/person\/a4a0ee1ba74dae33c5d59d6279cd9489"},"headline":"Carabass\u00ed (Elche)","datePublished":"2018-07-09T08:13:40+00:00","dateModified":"2018-07-25T08:31:35+00:00","mainEntityOfPage":{"@id":"https:\/\/costablancaup.com\/es\/carabassi-elche\/"},"wordCount":129,"commentCount":0,"publisher":{"@id":"https:\/\/costablancaup.com\/es\/#organization"},"image":{"@id":"https:\/\/costablancaup.com\/es\/carabassi-elche\/#primaryimage"},"thumbnailUrl":"https:\/\/costablancaup.com\/wp-content\/uploads\/2018\/07\/playa-carabassi.jpg","keywords":["Elche"],"articleSection":["Playas"],"inLanguage":"es","potentialAction":[{"@type":"CommentAction","name":"Comment","target":["https:\/\/costablancaup.com\/es\/carabassi-elche\/#respond"]}]},{"@type":"WebPage","@id":"https:\/\/costablancaup.com\/es\/carabassi-elche\/","url":"https:\/\/costablancaup.com\/es\/carabassi-elche\/","name":"COSTA BLANCA UP - Carabass\u00ed (Elche)","isPartOf":{"@id":"https:\/\/costablancaup.com\/es\/#website"},"primaryImageOfPage":{"@id":"https:\/\/costablancaup.com\/es\/carabassi-elche\/#primaryimage"},"image":{"@id":"https:\/\/costablancaup.com\/es\/carabassi-elche\/#primaryimage"},"thumbnailUrl":"https:\/\/costablancaup.com\/wp-content\/uploads\/2018\/07\/playa-carabassi.jpg","datePublished":"2018-07-09T08:13:40+00:00","dateModified":"2018-07-25T08:31:35+00:00","breadcrumb":{"@id":"https:\/\/costablancaup.com\/es\/carabassi-elche\/#breadcrumb"},"inLanguage":"es","potentialAction":[{"@type":"ReadAction","target":["https:\/\/costablancaup.com\/es\/carabassi-elche\/"]}]},{"@type":"ImageObject","inLanguage":"es","@id":"https:\/\/costablancaup.com\/es\/carabassi-elche\/#primaryimage","url":"https:\/\/costablancaup.com\/wp-content\/uploads\/2018\/07\/playa-carabassi.jpg","contentUrl":"https:\/\/costablancaup.com\/wp-content\/uploads\/2018\/07\/playa-carabassi.jpg","width":1024,"height":623,"caption":"Playa Carabass\u00ed"},{"@type":"BreadcrumbList","@id":"https:\/\/costablancaup.com\/es\/carabassi-elche\/#breadcrumb","itemListElement":[{"@type":"ListItem","position":1,"name":"Home","item":"https:\/\/costablancaup.com\/es\/"},{"@type":"ListItem","position":2,"name":"Carabass\u00ed (Elche)"}]},{"@type":"WebSite","@id":"https:\/\/costablancaup.com\/es\/#website","url":"https:\/\/costablancaup.com\/es\/","name":"COSTA BLANCA UP","description":"Costa Blanca Events and Agenda","publisher":{"@id":"https:\/\/costablancaup.com\/es\/#organization"},"potentialAction":[{"@type":"SearchAction","target":{"@type":"EntryPoint","urlTemplate":"https:\/\/costablancaup.com\/es\/?s={search_term_string}"},"query-input":{"@type":"PropertyValueSpecification","valueRequired":true,"valueName":"search_term_string"}}],"inLanguage":"es"},{"@type":"Organization","@id":"https:\/\/costablancaup.com\/es\/#organization","name":"Costa Blanca Up","url":"https:\/\/costablancaup.com\/es\/","logo":{"@type":"ImageObject","inLanguage":"es","@id":"https:\/\/costablancaup.com\/es\/#\/schema\/logo\/image\/","url":"https:\/\/costablancaup.com\/wp-content\/uploads\/2018\/07\/titulo_web-1.png","contentUrl":"https:\/\/costablancaup.com\/wp-content\/uploads\/2018\/07\/titulo_web-1.png","width":1973,"height":303,"caption":"Costa Blanca Up"},"image":{"@id":"https:\/\/costablancaup.com\/es\/#\/schema\/logo\/image\/"}},{"@type":"Person","@id":"https:\/\/costablancaup.com\/es\/#\/schema\/person\/a4a0ee1ba74dae33c5d59d6279cd9489","name":"jas_admin","image":{"@type":"ImageObject","inLanguage":"es","@id":"https:\/\/secure.gravatar.com\/avatar\/d5a1282fae1020d8b4f7a1b95dac31c3c08f7dfd0a06b2ba5aa24fa117526f78?s=96&d=mm&r=g","url":"https:\/\/secure.gravatar.com\/avatar\/d5a1282fae1020d8b4f7a1b95dac31c3c08f7dfd0a06b2ba5aa24fa117526f78?s=96&d=mm&r=g","contentUrl":"https:\/\/secure.gravatar.com\/avatar\/d5a1282fae1020d8b4f7a1b95dac31c3c08f7dfd0a06b2ba5aa24fa117526f78?s=96&d=mm&r=g","caption":"jas_admin"}}]}},"_links":{"self":[{"href":"https:\/\/costablancaup.com\/es\/wp-json\/wp\/v2\/posts\/14450","targetHints":{"allow":["GET"]}}],"collection":[{"href":"https:\/\/costablancaup.com\/es\/wp-json\/wp\/v2\/posts"}],"about":[{"href":"https:\/\/costablancaup.com\/es\/wp-json\/wp\/v2\/types\/post"}],"author":[{"embeddable":true,"href":"https:\/\/costablancaup.com\/es\/wp-json\/wp\/v2\/users\/1"}],"replies":[{"embeddable":true,"href":"https:\/\/costablancaup.com\/es\/wp-json\/wp\/v2\/comments?post=14450"}],"version-history":[{"count":4,"href":"https:\/\/costablancaup.com\/es\/wp-json\/wp\/v2\/posts\/14450\/revisions"}],"predecessor-version":[{"id":15165,"href":"https:\/\/costablancaup.com\/es\/wp-json\/wp\/v2\/posts\/14450\/revisions\/15165"}],"wp:featuredmedia":[{"embeddable":true,"href":"https:\/\/costablancaup.com\/es\/wp-json\/wp\/v2\/media\/14318"}],"wp:attachment":[{"href":"https:\/\/costablancaup.com\/es\/wp-json\/wp\/v2\/media?parent=14450"}],"wp:term":[{"taxonomy":"category","embeddable":true,"href":"https:\/\/costablancaup.com\/es\/wp-json\/wp\/v2\/categories?post=14450"},{"taxonomy":"post_tag","embeddable":true,"href":"https:\/\/costablancaup.com\/es\/wp-json\/wp\/v2\/tags?post=14450"}],"curies":[{"name":"wp","href":"https:\/\/api.w.org\/{rel}","templated":true}]}}