{"id":15712,"date":"2018-07-20T09:26:42","date_gmt":"2018-07-20T07:26:42","guid":{"rendered":"https:\/\/costablancaup.com\/low-festival-2018-starts-the-national-and-international-independent-music-festival\/"},"modified":"2018-07-29T18:18:52","modified_gmt":"2018-07-29T16:18:52","slug":"low-festival-2018-arranca-el-festival-de-musica-independiente-nacional-e-internacional","status":"publish","type":"post","link":"https:\/\/costablancaup.com\/es\/low-festival-2018-arranca-el-festival-de-musica-independiente-nacional-e-internacional\/","title":{"rendered":"Low Festival 2018: arranca el festival de m\u00fasica independiente nacional e internacional"},"content":{"rendered":"<p><img loading=\"lazy\" decoding=\"async\" src=\"https:\/\/costablancaup.com\/wp-content\/uploads\/2018\/07\/lowfestival18-cartel.jpg\" alt=\"Low Festival 18\" width=\"869\" height=\"1220\" class=\"aligncenter size-full wp-image-15704\" srcset=\"https:\/\/costablancaup.com\/wp-content\/uploads\/2018\/07\/lowfestival18-cartel.jpg 869w, https:\/\/costablancaup.com\/wp-content\/uploads\/2018\/07\/lowfestival18-cartel-214x300.jpg 214w, https:\/\/costablancaup.com\/wp-content\/uploads\/2018\/07\/lowfestival18-cartel-768x1078.jpg 768w, https:\/\/costablancaup.com\/wp-content\/uploads\/2018\/07\/lowfestival18-cartel-729x1024.jpg 729w, https:\/\/costablancaup.com\/wp-content\/uploads\/2018\/07\/lowfestival18-cartel-400x562.jpg 400w\" sizes=\"auto, (max-width: 869px) 100vw, 869px\" \/><br \/>\n<\/p>\n<div class=\"piefoto\">Por #Low2018<\/div>\n<p><\/p>\n<h2>La d\u00e9cima edici\u00f3n del festival benidormense se desarrollar\u00e1 los d\u00edas 27, 28 y 29 de julio en la Ciudad Deportiva Guillermo Amor de Benidorm<\/h2>\n<p>Antes, el jueves 26 de julio <em>Vive La F\u00eate<\/em> y <em>Joe Crep\u00fasculo<\/em> tomar\u00e1n la Playa de Levante de la ciudad de los rascacielos en una cita abierta al p\u00fablico en la que los lowers podr\u00e1n no solo bailar, sino tambi\u00e9n canjear su pulsera y evitar esperas en la jornada siguiente.<\/p>\n<p>El viernes 27, ya en el recinto, la m\u00fasica en directo comenzar\u00e1 a sonar pasadas las siete de la tarde, con el folk-rock de <em>Joana Serrat<\/em> en el Escenario Matusalem, y crecer\u00e1 en intensidad de la mano de La <em>Bien Querida<\/em> o <em>Iv\u00e1n Ferreiro<\/em>, hasta alcanzar su culmen de madrugada con<em> Phoenix<\/em> y <em>Vitalic ODC Live<\/em> en el Escenario Vibra Mahou.<\/p>\n<p>El s\u00e1bado 28, el momento \u00e1lgido de la noche estar\u00e1 sin duda protagonizado por el nuevo espect\u00e1culo de The <em>Chemical Brothers<\/em>, en lo que promete ser uno de los mejores shows de la historia de Low Festival. Ser\u00e1 pasadas las dos de la madrugada, y para entonces habr\u00e1n pasado ya por los escenarios del #Low2018 hist\u00f3ricos como Los Planetas o bandas in\u00e9ditas en Benidorm, como Vintage Trouble o Biffy Clyro.<\/p>\n<p>El domingo 29 arrancar\u00e1 con el pop enso\u00f1ador de <em>Poolshake<\/em> en el Escenario J\u00e4germeister, y continuar\u00e1 por todo lo alto con los directos de <em>Izal<\/em>, <em>Editors<\/em> o <em>Kakkmaddafakka<\/em>, hasta el cierre \u00e9pico que protagonizar\u00e1n <em>Las Chillers<\/em>, <em>Vive La F\u00eate<\/em> y <em>Flash Show DJs<\/em>.<\/p>\n<p>Low Festival se ha consolidado en sus nueve ediciones anteriores como el festival de verano m\u00e1s c\u00f3modo y completo del panorama nacional, con m\u00e1s de 70 artistas del rock, el pop y la m\u00fasica electr\u00f3nica, un recinto comod\u00edsimo (cuatro escenarios a m\u00e1ximo cinco minutos andando, c\u00e9sped, limpieza m\u00e1xima y cero aglomeraciones), una ciudad ic\u00f3nica y, sobre todo, un ambiente incre\u00edble, con todo el buen rollo que desprenden los lowers.<\/p>\n<h3>Programa<\/h3>\n<ul>\n<li><a target=\"_blank\" href=\"https:\/\/costablancaup.com\/wp-content\/uploads\/2018\/07\/lowfestival18-horarios.jpg\">Descargar programa<\/a><\/li>\n<li><a href=\"\/es\/agenda\/\" target=\"_blank\">Ver los eventos en la Agenda<\/a><\/li>\n<\/ul>\n","protected":false},"excerpt":{"rendered":"<p>La d\u00e9cima edici\u00f3n del festival benidormense se desarrollar\u00e1 los d\u00edas 27, 28 y 29 de julio en la Ciudad Deportiva Guillermo Amor de Benidorm Antes, el jueves 26 de julio Vive La F\u00eate y Joe Crep\u00fasculo tomar\u00e1n la Playa de Levante de la ciudad de los rascacielos en una cita abierta al p\u00fablico en la que los lowers podr\u00e1n no solo bailar, sino tambi\u00e9n canjear su pulsera y evitar esperas en la jornada siguiente. El viernes 27, ya en el recinto, la m\u00fasica en directo comenzar\u00e1 a sonar pasadas las siete de la tarde, con el folk-rock de Joana Serrat [&hellip;]<\/p>\n","protected":false},"author":1,"featured_media":15706,"comment_status":"open","ping_status":"closed","sticky":false,"template":"","format":"standard","meta":{"footnotes":""},"categories":[5015],"tags":[5079],"class_list":["post-15712","post","type-post","status-publish","format-standard","has-post-thumbnail","hentry","category-eventos-culturales","tag-benidorm-es"],"yoast_head":"<!-- This site is optimized with the Yoast SEO plugin v27.4 - https:\/\/yoast.com\/product\/yoast-seo-wordpress\/ -->\n<title>COSTA BLANCA UP - Low Festival 2018: arranca el festival de m\u00fasica independiente nacional e internacional<\/title>\n<meta name=\"robots\" content=\"index, follow, max-snippet:-1, max-image-preview:large, max-video-preview:-1\" \/>\n<link rel=\"canonical\" href=\"https:\/\/costablancaup.com\/es\/low-festival-2018-arranca-el-festival-de-musica-independiente-nacional-e-internacional\/\" \/>\n<meta property=\"og:locale\" content=\"es_ES\" \/>\n<meta property=\"og:type\" content=\"article\" \/>\n<meta property=\"og:title\" content=\"COSTA BLANCA UP - Low Festival 2018: arranca el festival de m\u00fasica independiente nacional e internacional\" \/>\n<meta property=\"og:description\" content=\"La d\u00e9cima edici\u00f3n del festival benidormense se desarrollar\u00e1 los d\u00edas 27, 28 y 29 de julio en la Ciudad Deportiva Guillermo Amor de Benidorm Antes, el jueves 26 de julio Vive La F\u00eate y Joe Crep\u00fasculo tomar\u00e1n la Playa de Levante de la ciudad de los rascacielos en una cita abierta al p\u00fablico en la que los lowers podr\u00e1n no solo bailar, sino tambi\u00e9n canjear su pulsera y evitar esperas en la jornada siguiente. El viernes 27, ya en el recinto, la m\u00fasica en directo comenzar\u00e1 a sonar pasadas las siete de la tarde, con el folk-rock de Joana Serrat [&hellip;]\" \/>\n<meta property=\"og:url\" content=\"https:\/\/costablancaup.com\/es\/low-festival-2018-arranca-el-festival-de-musica-independiente-nacional-e-internacional\/\" \/>\n<meta property=\"og:site_name\" content=\"COSTA BLANCA UP\" \/>\n<meta property=\"article:published_time\" content=\"2018-07-20T07:26:42+00:00\" \/>\n<meta property=\"article:modified_time\" content=\"2018-07-29T16:18:52+00:00\" \/>\n<meta property=\"og:image\" content=\"https:\/\/costablancaup.com\/wp-content\/uploads\/2018\/07\/lowfestival18.jpg\" \/>\n\t<meta property=\"og:image:width\" content=\"1024\" \/>\n\t<meta property=\"og:image:height\" content=\"560\" \/>\n\t<meta property=\"og:image:type\" content=\"image\/jpeg\" \/>\n<meta name=\"author\" content=\"jas_admin\" \/>\n<meta name=\"twitter:card\" content=\"summary_large_image\" \/>\n<meta name=\"twitter:label1\" content=\"Escrito por\" \/>\n\t<meta name=\"twitter:data1\" content=\"jas_admin\" \/>\n\t<meta name=\"twitter:label2\" content=\"Tiempo de lectura\" \/>\n\t<meta name=\"twitter:data2\" content=\"2 minutos\" \/>\n<script type=\"application\/ld+json\" class=\"yoast-schema-graph\">{\"@context\":\"https:\\\/\\\/schema.org\",\"@graph\":[{\"@type\":\"Article\",\"@id\":\"https:\\\/\\\/costablancaup.com\\\/es\\\/low-festival-2018-arranca-el-festival-de-musica-independiente-nacional-e-internacional\\\/#article\",\"isPartOf\":{\"@id\":\"https:\\\/\\\/costablancaup.com\\\/es\\\/low-festival-2018-arranca-el-festival-de-musica-independiente-nacional-e-internacional\\\/\"},\"author\":{\"name\":\"jas_admin\",\"@id\":\"https:\\\/\\\/costablancaup.com\\\/es\\\/#\\\/schema\\\/person\\\/a4a0ee1ba74dae33c5d59d6279cd9489\"},\"headline\":\"Low Festival 2018: arranca el festival de m\u00fasica independiente nacional e internacional\",\"datePublished\":\"2018-07-20T07:26:42+00:00\",\"dateModified\":\"2018-07-29T16:18:52+00:00\",\"mainEntityOfPage\":{\"@id\":\"https:\\\/\\\/costablancaup.com\\\/es\\\/low-festival-2018-arranca-el-festival-de-musica-independiente-nacional-e-internacional\\\/\"},\"wordCount\":365,\"commentCount\":0,\"publisher\":{\"@id\":\"https:\\\/\\\/costablancaup.com\\\/es\\\/#organization\"},\"image\":{\"@id\":\"https:\\\/\\\/costablancaup.com\\\/es\\\/low-festival-2018-arranca-el-festival-de-musica-independiente-nacional-e-internacional\\\/#primaryimage\"},\"thumbnailUrl\":\"https:\\\/\\\/costablancaup.com\\\/wp-content\\\/uploads\\\/2018\\\/07\\\/lowfestival18.jpg\",\"keywords\":[\"Benidorm\"],\"articleSection\":[\"Eventos culturales\"],\"inLanguage\":\"es\",\"potentialAction\":[{\"@type\":\"CommentAction\",\"name\":\"Comment\",\"target\":[\"https:\\\/\\\/costablancaup.com\\\/es\\\/low-festival-2018-arranca-el-festival-de-musica-independiente-nacional-e-internacional\\\/#respond\"]}]},{\"@type\":\"WebPage\",\"@id\":\"https:\\\/\\\/costablancaup.com\\\/es\\\/low-festival-2018-arranca-el-festival-de-musica-independiente-nacional-e-internacional\\\/\",\"url\":\"https:\\\/\\\/costablancaup.com\\\/es\\\/low-festival-2018-arranca-el-festival-de-musica-independiente-nacional-e-internacional\\\/\",\"name\":\"COSTA BLANCA UP - Low Festival 2018: arranca el festival de m\u00fasica independiente nacional e internacional\",\"isPartOf\":{\"@id\":\"https:\\\/\\\/costablancaup.com\\\/es\\\/#website\"},\"primaryImageOfPage\":{\"@id\":\"https:\\\/\\\/costablancaup.com\\\/es\\\/low-festival-2018-arranca-el-festival-de-musica-independiente-nacional-e-internacional\\\/#primaryimage\"},\"image\":{\"@id\":\"https:\\\/\\\/costablancaup.com\\\/es\\\/low-festival-2018-arranca-el-festival-de-musica-independiente-nacional-e-internacional\\\/#primaryimage\"},\"thumbnailUrl\":\"https:\\\/\\\/costablancaup.com\\\/wp-content\\\/uploads\\\/2018\\\/07\\\/lowfestival18.jpg\",\"datePublished\":\"2018-07-20T07:26:42+00:00\",\"dateModified\":\"2018-07-29T16:18:52+00:00\",\"breadcrumb\":{\"@id\":\"https:\\\/\\\/costablancaup.com\\\/es\\\/low-festival-2018-arranca-el-festival-de-musica-independiente-nacional-e-internacional\\\/#breadcrumb\"},\"inLanguage\":\"es\",\"potentialAction\":[{\"@type\":\"ReadAction\",\"target\":[\"https:\\\/\\\/costablancaup.com\\\/es\\\/low-festival-2018-arranca-el-festival-de-musica-independiente-nacional-e-internacional\\\/\"]}]},{\"@type\":\"ImageObject\",\"inLanguage\":\"es\",\"@id\":\"https:\\\/\\\/costablancaup.com\\\/es\\\/low-festival-2018-arranca-el-festival-de-musica-independiente-nacional-e-internacional\\\/#primaryimage\",\"url\":\"https:\\\/\\\/costablancaup.com\\\/wp-content\\\/uploads\\\/2018\\\/07\\\/lowfestival18.jpg\",\"contentUrl\":\"https:\\\/\\\/costablancaup.com\\\/wp-content\\\/uploads\\\/2018\\\/07\\\/lowfestival18.jpg\",\"width\":1024,\"height\":560,\"caption\":\"Low Festival 18\"},{\"@type\":\"BreadcrumbList\",\"@id\":\"https:\\\/\\\/costablancaup.com\\\/es\\\/low-festival-2018-arranca-el-festival-de-musica-independiente-nacional-e-internacional\\\/#breadcrumb\",\"itemListElement\":[{\"@type\":\"ListItem\",\"position\":1,\"name\":\"Home\",\"item\":\"https:\\\/\\\/costablancaup.com\\\/es\\\/\"},{\"@type\":\"ListItem\",\"position\":2,\"name\":\"Low Festival 2018: arranca el festival de m\u00fasica independiente nacional e internacional\"}]},{\"@type\":\"WebSite\",\"@id\":\"https:\\\/\\\/costablancaup.com\\\/es\\\/#website\",\"url\":\"https:\\\/\\\/costablancaup.com\\\/es\\\/\",\"name\":\"COSTA BLANCA UP\",\"description\":\"Costa Blanca Events and Agenda\",\"publisher\":{\"@id\":\"https:\\\/\\\/costablancaup.com\\\/es\\\/#organization\"},\"potentialAction\":[{\"@type\":\"SearchAction\",\"target\":{\"@type\":\"EntryPoint\",\"urlTemplate\":\"https:\\\/\\\/costablancaup.com\\\/es\\\/?s={search_term_string}\"},\"query-input\":{\"@type\":\"PropertyValueSpecification\",\"valueRequired\":true,\"valueName\":\"search_term_string\"}}],\"inLanguage\":\"es\"},{\"@type\":\"Organization\",\"@id\":\"https:\\\/\\\/costablancaup.com\\\/es\\\/#organization\",\"name\":\"Costa Blanca Up\",\"url\":\"https:\\\/\\\/costablancaup.com\\\/es\\\/\",\"logo\":{\"@type\":\"ImageObject\",\"inLanguage\":\"es\",\"@id\":\"https:\\\/\\\/costablancaup.com\\\/es\\\/#\\\/schema\\\/logo\\\/image\\\/\",\"url\":\"https:\\\/\\\/costablancaup.com\\\/wp-content\\\/uploads\\\/2018\\\/07\\\/titulo_web-1.png\",\"contentUrl\":\"https:\\\/\\\/costablancaup.com\\\/wp-content\\\/uploads\\\/2018\\\/07\\\/titulo_web-1.png\",\"width\":1973,\"height\":303,\"caption\":\"Costa Blanca Up\"},\"image\":{\"@id\":\"https:\\\/\\\/costablancaup.com\\\/es\\\/#\\\/schema\\\/logo\\\/image\\\/\"}},{\"@type\":\"Person\",\"@id\":\"https:\\\/\\\/costablancaup.com\\\/es\\\/#\\\/schema\\\/person\\\/a4a0ee1ba74dae33c5d59d6279cd9489\",\"name\":\"jas_admin\",\"image\":{\"@type\":\"ImageObject\",\"inLanguage\":\"es\",\"@id\":\"https:\\\/\\\/secure.gravatar.com\\\/avatar\\\/d5a1282fae1020d8b4f7a1b95dac31c3c08f7dfd0a06b2ba5aa24fa117526f78?s=96&d=mm&r=g\",\"url\":\"https:\\\/\\\/secure.gravatar.com\\\/avatar\\\/d5a1282fae1020d8b4f7a1b95dac31c3c08f7dfd0a06b2ba5aa24fa117526f78?s=96&d=mm&r=g\",\"contentUrl\":\"https:\\\/\\\/secure.gravatar.com\\\/avatar\\\/d5a1282fae1020d8b4f7a1b95dac31c3c08f7dfd0a06b2ba5aa24fa117526f78?s=96&d=mm&r=g\",\"caption\":\"jas_admin\"}}]}<\/script>\n<!-- \/ Yoast SEO plugin. -->","yoast_head_json":{"title":"COSTA BLANCA UP - Low Festival 2018: arranca el festival de m\u00fasica independiente nacional e internacional","robots":{"index":"index","follow":"follow","max-snippet":"max-snippet:-1","max-image-preview":"max-image-preview:large","max-video-preview":"max-video-preview:-1"},"canonical":"https:\/\/costablancaup.com\/es\/low-festival-2018-arranca-el-festival-de-musica-independiente-nacional-e-internacional\/","og_locale":"es_ES","og_type":"article","og_title":"COSTA BLANCA UP - Low Festival 2018: arranca el festival de m\u00fasica independiente nacional e internacional","og_description":"La d\u00e9cima edici\u00f3n del festival benidormense se desarrollar\u00e1 los d\u00edas 27, 28 y 29 de julio en la Ciudad Deportiva Guillermo Amor de Benidorm Antes, el jueves 26 de julio Vive La F\u00eate y Joe Crep\u00fasculo tomar\u00e1n la Playa de Levante de la ciudad de los rascacielos en una cita abierta al p\u00fablico en la que los lowers podr\u00e1n no solo bailar, sino tambi\u00e9n canjear su pulsera y evitar esperas en la jornada siguiente. El viernes 27, ya en el recinto, la m\u00fasica en directo comenzar\u00e1 a sonar pasadas las siete de la tarde, con el folk-rock de Joana Serrat [&hellip;]","og_url":"https:\/\/costablancaup.com\/es\/low-festival-2018-arranca-el-festival-de-musica-independiente-nacional-e-internacional\/","og_site_name":"COSTA BLANCA UP","article_published_time":"2018-07-20T07:26:42+00:00","article_modified_time":"2018-07-29T16:18:52+00:00","og_image":[{"width":1024,"height":560,"url":"https:\/\/costablancaup.com\/wp-content\/uploads\/2018\/07\/lowfestival18.jpg","type":"image\/jpeg"}],"author":"jas_admin","twitter_card":"summary_large_image","twitter_misc":{"Escrito por":"jas_admin","Tiempo de lectura":"2 minutos"},"schema":{"@context":"https:\/\/schema.org","@graph":[{"@type":"Article","@id":"https:\/\/costablancaup.com\/es\/low-festival-2018-arranca-el-festival-de-musica-independiente-nacional-e-internacional\/#article","isPartOf":{"@id":"https:\/\/costablancaup.com\/es\/low-festival-2018-arranca-el-festival-de-musica-independiente-nacional-e-internacional\/"},"author":{"name":"jas_admin","@id":"https:\/\/costablancaup.com\/es\/#\/schema\/person\/a4a0ee1ba74dae33c5d59d6279cd9489"},"headline":"Low Festival 2018: arranca el festival de m\u00fasica independiente nacional e internacional","datePublished":"2018-07-20T07:26:42+00:00","dateModified":"2018-07-29T16:18:52+00:00","mainEntityOfPage":{"@id":"https:\/\/costablancaup.com\/es\/low-festival-2018-arranca-el-festival-de-musica-independiente-nacional-e-internacional\/"},"wordCount":365,"commentCount":0,"publisher":{"@id":"https:\/\/costablancaup.com\/es\/#organization"},"image":{"@id":"https:\/\/costablancaup.com\/es\/low-festival-2018-arranca-el-festival-de-musica-independiente-nacional-e-internacional\/#primaryimage"},"thumbnailUrl":"https:\/\/costablancaup.com\/wp-content\/uploads\/2018\/07\/lowfestival18.jpg","keywords":["Benidorm"],"articleSection":["Eventos culturales"],"inLanguage":"es","potentialAction":[{"@type":"CommentAction","name":"Comment","target":["https:\/\/costablancaup.com\/es\/low-festival-2018-arranca-el-festival-de-musica-independiente-nacional-e-internacional\/#respond"]}]},{"@type":"WebPage","@id":"https:\/\/costablancaup.com\/es\/low-festival-2018-arranca-el-festival-de-musica-independiente-nacional-e-internacional\/","url":"https:\/\/costablancaup.com\/es\/low-festival-2018-arranca-el-festival-de-musica-independiente-nacional-e-internacional\/","name":"COSTA BLANCA UP - Low Festival 2018: arranca el festival de m\u00fasica independiente nacional e internacional","isPartOf":{"@id":"https:\/\/costablancaup.com\/es\/#website"},"primaryImageOfPage":{"@id":"https:\/\/costablancaup.com\/es\/low-festival-2018-arranca-el-festival-de-musica-independiente-nacional-e-internacional\/#primaryimage"},"image":{"@id":"https:\/\/costablancaup.com\/es\/low-festival-2018-arranca-el-festival-de-musica-independiente-nacional-e-internacional\/#primaryimage"},"thumbnailUrl":"https:\/\/costablancaup.com\/wp-content\/uploads\/2018\/07\/lowfestival18.jpg","datePublished":"2018-07-20T07:26:42+00:00","dateModified":"2018-07-29T16:18:52+00:00","breadcrumb":{"@id":"https:\/\/costablancaup.com\/es\/low-festival-2018-arranca-el-festival-de-musica-independiente-nacional-e-internacional\/#breadcrumb"},"inLanguage":"es","potentialAction":[{"@type":"ReadAction","target":["https:\/\/costablancaup.com\/es\/low-festival-2018-arranca-el-festival-de-musica-independiente-nacional-e-internacional\/"]}]},{"@type":"ImageObject","inLanguage":"es","@id":"https:\/\/costablancaup.com\/es\/low-festival-2018-arranca-el-festival-de-musica-independiente-nacional-e-internacional\/#primaryimage","url":"https:\/\/costablancaup.com\/wp-content\/uploads\/2018\/07\/lowfestival18.jpg","contentUrl":"https:\/\/costablancaup.com\/wp-content\/uploads\/2018\/07\/lowfestival18.jpg","width":1024,"height":560,"caption":"Low Festival 18"},{"@type":"BreadcrumbList","@id":"https:\/\/costablancaup.com\/es\/low-festival-2018-arranca-el-festival-de-musica-independiente-nacional-e-internacional\/#breadcrumb","itemListElement":[{"@type":"ListItem","position":1,"name":"Home","item":"https:\/\/costablancaup.com\/es\/"},{"@type":"ListItem","position":2,"name":"Low Festival 2018: arranca el festival de m\u00fasica independiente nacional e internacional"}]},{"@type":"WebSite","@id":"https:\/\/costablancaup.com\/es\/#website","url":"https:\/\/costablancaup.com\/es\/","name":"COSTA BLANCA UP","description":"Costa Blanca Events and Agenda","publisher":{"@id":"https:\/\/costablancaup.com\/es\/#organization"},"potentialAction":[{"@type":"SearchAction","target":{"@type":"EntryPoint","urlTemplate":"https:\/\/costablancaup.com\/es\/?s={search_term_string}"},"query-input":{"@type":"PropertyValueSpecification","valueRequired":true,"valueName":"search_term_string"}}],"inLanguage":"es"},{"@type":"Organization","@id":"https:\/\/costablancaup.com\/es\/#organization","name":"Costa Blanca Up","url":"https:\/\/costablancaup.com\/es\/","logo":{"@type":"ImageObject","inLanguage":"es","@id":"https:\/\/costablancaup.com\/es\/#\/schema\/logo\/image\/","url":"https:\/\/costablancaup.com\/wp-content\/uploads\/2018\/07\/titulo_web-1.png","contentUrl":"https:\/\/costablancaup.com\/wp-content\/uploads\/2018\/07\/titulo_web-1.png","width":1973,"height":303,"caption":"Costa Blanca Up"},"image":{"@id":"https:\/\/costablancaup.com\/es\/#\/schema\/logo\/image\/"}},{"@type":"Person","@id":"https:\/\/costablancaup.com\/es\/#\/schema\/person\/a4a0ee1ba74dae33c5d59d6279cd9489","name":"jas_admin","image":{"@type":"ImageObject","inLanguage":"es","@id":"https:\/\/secure.gravatar.com\/avatar\/d5a1282fae1020d8b4f7a1b95dac31c3c08f7dfd0a06b2ba5aa24fa117526f78?s=96&d=mm&r=g","url":"https:\/\/secure.gravatar.com\/avatar\/d5a1282fae1020d8b4f7a1b95dac31c3c08f7dfd0a06b2ba5aa24fa117526f78?s=96&d=mm&r=g","contentUrl":"https:\/\/secure.gravatar.com\/avatar\/d5a1282fae1020d8b4f7a1b95dac31c3c08f7dfd0a06b2ba5aa24fa117526f78?s=96&d=mm&r=g","caption":"jas_admin"}}]}},"_links":{"self":[{"href":"https:\/\/costablancaup.com\/es\/wp-json\/wp\/v2\/posts\/15712","targetHints":{"allow":["GET"]}}],"collection":[{"href":"https:\/\/costablancaup.com\/es\/wp-json\/wp\/v2\/posts"}],"about":[{"href":"https:\/\/costablancaup.com\/es\/wp-json\/wp\/v2\/types\/post"}],"author":[{"embeddable":true,"href":"https:\/\/costablancaup.com\/es\/wp-json\/wp\/v2\/users\/1"}],"replies":[{"embeddable":true,"href":"https:\/\/costablancaup.com\/es\/wp-json\/wp\/v2\/comments?post=15712"}],"version-history":[{"count":6,"href":"https:\/\/costablancaup.com\/es\/wp-json\/wp\/v2\/posts\/15712\/revisions"}],"predecessor-version":[{"id":15982,"href":"https:\/\/costablancaup.com\/es\/wp-json\/wp\/v2\/posts\/15712\/revisions\/15982"}],"wp:featuredmedia":[{"embeddable":true,"href":"https:\/\/costablancaup.com\/es\/wp-json\/wp\/v2\/media\/15706"}],"wp:attachment":[{"href":"https:\/\/costablancaup.com\/es\/wp-json\/wp\/v2\/media?parent=15712"}],"wp:term":[{"taxonomy":"category","embeddable":true,"href":"https:\/\/costablancaup.com\/es\/wp-json\/wp\/v2\/categories?post=15712"},{"taxonomy":"post_tag","embeddable":true,"href":"https:\/\/costablancaup.com\/es\/wp-json\/wp\/v2\/tags?post=15712"}],"curies":[{"name":"wp","href":"https:\/\/api.w.org\/{rel}","templated":true}]}}