{"id":24217,"date":"2019-01-23T11:04:20","date_gmt":"2019-01-23T10:04:20","guid":{"rendered":"https:\/\/costablancaup.com\/?p=24217"},"modified":"2020-09-22T09:56:38","modified_gmt":"2020-09-22T07:56:38","slug":"benissa-celebra-su-tradicional-mercado-medieval-con-un-extenso-programa-de-actividades","status":"publish","type":"post","link":"https:\/\/costablancaup.com\/es\/benissa-celebra-su-tradicional-mercado-medieval-con-un-extenso-programa-de-actividades\/","title":{"rendered":"Benissa celebra su tradicional Mercado medieval con un extenso programa de actividades"},"content":{"rendered":"<p><img loading=\"lazy\" decoding=\"async\" src=\"https:\/\/costablancaup.com\/wp-content\/uploads\/2019\/01\/firaiporrat-benissa-2019.jpg\" alt=\"Fira i Porrat de Benissa\" width=\"800\" height=\"302\" class=\"aligncenter size-full wp-image-24221\" srcset=\"https:\/\/costablancaup.com\/wp-content\/uploads\/2019\/01\/firaiporrat-benissa-2019.jpg 800w, https:\/\/costablancaup.com\/wp-content\/uploads\/2019\/01\/firaiporrat-benissa-2019-300x113.jpg 300w, https:\/\/costablancaup.com\/wp-content\/uploads\/2019\/01\/firaiporrat-benissa-2019-768x290.jpg 768w, https:\/\/costablancaup.com\/wp-content\/uploads\/2019\/01\/firaiporrat-benissa-2019-400x151.jpg 400w\" sizes=\"auto, (max-width: 800px) 100vw, 800px\" \/><br \/>\n<\/p>\n<div class=\"piefoto\">Por benissa.es<\/div>\n<p><\/p>\n<h2>El mercado tendr\u00e1 lugar del 25 al 27 de enero dentro del marco de la \u00abFira i Porrat de Sant Antoni\u00bb de Benissa<\/h2>\n<p>Durante tres d\u00edas las calles del casco hist\u00f3rico de la localidad se llenar\u00e1n de puestos con productos de artesan\u00eda, zona gastron\u00f3mica, zoco \u00e1rabe, exposiciones tem\u00e1ticas, talleres de oficios antiguos, actuaciones ambientadas en la \u00e9poca y desfiles.<\/p>\n<p>Para los m\u00e1s peque\u00f1os habr\u00e1 ludoteca, talleres infantiles y teatros de marionetas y t\u00edteres.<\/p>\n<p>El Mercado medieval de Benissa cierra el programa de actos de la <em>Fira de Benissa<\/em>, que se desarrolla esos d\u00edas en la localidad con muchas m\u00e1s actividades como una feria de atracciones, feria ganadera, exposiciones, cine, m\u00fasica, concursos y actividades deportivas.<\/p>\n<h3>Horario<\/h3>\n<ul>\n<li>Viernes, de 20:00 a 00:00 horas.<\/li>\n<li>S\u00e1bado, de 10:00 a 00:00 horas.<\/li>\n<li>Domingo, de 10:00 a 22:00 horas.<\/li>\n<\/ul>\n<h3>Programa<\/h3>\n<p><img loading=\"lazy\" decoding=\"async\" src=\"https:\/\/costablancaup.com\/wp-content\/uploads\/2019\/01\/mercado-benissa-programa-2019.jpg\" alt=\"Mercado medieval de Benissa: programa\" width=\"1024\" height=\"1548\" class=\"aligncenter size-full wp-image-24218\" srcset=\"https:\/\/costablancaup.com\/wp-content\/uploads\/2019\/01\/mercado-benissa-programa-2019.jpg 1024w, https:\/\/costablancaup.com\/wp-content\/uploads\/2019\/01\/mercado-benissa-programa-2019-198x300.jpg 198w, https:\/\/costablancaup.com\/wp-content\/uploads\/2019\/01\/mercado-benissa-programa-2019-768x1161.jpg 768w, https:\/\/costablancaup.com\/wp-content\/uploads\/2019\/01\/mercado-benissa-programa-2019-677x1024.jpg 677w, https:\/\/costablancaup.com\/wp-content\/uploads\/2019\/01\/mercado-benissa-programa-2019-400x605.jpg 400w\" sizes=\"auto, (max-width: 1024px) 100vw, 1024px\" \/><\/p>\n<h3>Localizaci\u00f3n<\/h3>\n\r\n            \r\n            \r\n            \r\n            <a name='map116'><\/a>\r\n            \r\n            \r\n            \r\n            \r\n            <div class=\"wpgmza_map \"  id=\"wpgmza_map_116\" style=\"display:block; overflow:auto; width:100%; height:400px; float:left;\" data-settings='{\"id\":\"116\",\"map_title\":\"Plaza Rei Jaume I (Benissa)\",\"map_width\":\"100\",\"map_height\":\"400\",\"map_start_lat\":\"38.714558\",\"map_start_lng\":\"0.050164\",\"map_start_location\":\"38.71455816402181,0.05016427273062618\",\"map_start_zoom\":\"17\",\"default_marker\":\"0\",\"type\":\"1\",\"alignment\":\"1\",\"directions_enabled\":\"0\",\"styling_enabled\":\"0\",\"styling_json\":\"\",\"active\":\"0\",\"kml\":\"\",\"bicycle\":\"0\",\"traffic\":\"0\",\"dbox\":\"1\",\"dbox_width\":\"100\",\"listmarkers\":\"0\",\"listmarkers_advanced\":\"0\",\"filterbycat\":\"0\",\"ugm_enabled\":\"0\",\"ugm_category_enabled\":\"0\",\"fusion\":\"\",\"map_width_type\":\"\\\\%\",\"map_height_type\":\"px\",\"mass_marker_support\":\"0\",\"ugm_access\":\"0\",\"order_markers_by\":\"1\",\"order_markers_choice\":\"2\",\"show_user_location\":\"2\",\"default_to\":\"\",\"other_settings\":{\"wpgmza_store_locator_restrict\":\"\",\"wpgmza_sl_animation\":\"1\",\"store_locator_query_string\":\"ZIP \\\/ Address:\",\"store_locator_name_string\":\"Title \\\/ Description:\",\"store_locator_default_address\":\"\",\"wpgmza_dbox_width_type\":\"%\",\"map_max_zoom\":\"3\",\"map_min_zoom\":\"21\",\"sl_stroke_color\":\"FF0000\",\"sl_stroke_opacity\":\"0.25\",\"sl_fill_color\":\"FF0000\",\"sl_fill_opacity\":\"0.15\",\"click_open_link\":2,\"transport_layer\":0,\"iw_primary_color\":\"2A3744\",\"iw_accent_color\":\"252F3A\",\"iw_text_color\":\"FFFFFF\",\"wpgmza_iw_type\":\"0\",\"list_markers_by\":\"0\",\"push_in_map\":\"\",\"push_in_map_placement\":\"9\",\"wpgmza_push_in_map_width\":\"\",\"wpgmza_push_in_map_height\":\"\",\"wpgmza_theme_data\":\"\",\"upload_default_ul_marker\":\"\",\"upload_default_sl_marker\":\"\",\"shortcodeAttributes\":{\"id\":\"116\"}}}' data-map-id='116' data-shortcode-attributes='{\"id\":\"116\"}'> <\/div>\r\n            \r\n               \r\n        \n","protected":false},"excerpt":{"rendered":"<p>El mercado tendr\u00e1 lugar del 25 al 27 de enero dentro del marco de la \u00abFira i Porrat de Sant Antoni\u00bb de Benissa Durante tres d\u00edas las calles del casco hist\u00f3rico de la localidad se llenar\u00e1n de puestos con productos de artesan\u00eda, zona gastron\u00f3mica, zoco \u00e1rabe, exposiciones tem\u00e1ticas, talleres de oficios antiguos, actuaciones ambientadas en la \u00e9poca y desfiles. Para los m\u00e1s peque\u00f1os habr\u00e1 ludoteca, talleres infantiles y teatros de marionetas y t\u00edteres. El Mercado medieval de Benissa cierra el programa de actos de la Fira de Benissa, que se desarrolla esos d\u00edas en la localidad con muchas m\u00e1s actividades [&hellip;]<\/p>\n","protected":false},"author":1,"featured_media":24221,"comment_status":"open","ping_status":"closed","sticky":false,"template":"","format":"standard","meta":{"footnotes":""},"categories":[5015],"tags":[5136],"class_list":["post-24217","post","type-post","status-publish","format-standard","has-post-thumbnail","hentry","category-eventos-culturales","tag-benissa-es"],"yoast_head":"<!-- This site is optimized with the Yoast SEO plugin v27.4 - https:\/\/yoast.com\/product\/yoast-seo-wordpress\/ -->\n<title>COSTA BLANCA UP - Benissa celebra su tradicional Mercado medieval con un extenso programa de actividades<\/title>\n<meta name=\"robots\" content=\"index, follow, max-snippet:-1, max-image-preview:large, max-video-preview:-1\" \/>\n<link rel=\"canonical\" href=\"https:\/\/costablancaup.com\/es\/benissa-celebra-su-tradicional-mercado-medieval-con-un-extenso-programa-de-actividades\/\" \/>\n<meta property=\"og:locale\" content=\"es_ES\" \/>\n<meta property=\"og:type\" content=\"article\" \/>\n<meta property=\"og:title\" content=\"COSTA BLANCA UP - Benissa celebra su tradicional Mercado medieval con un extenso programa de actividades\" \/>\n<meta property=\"og:description\" content=\"El mercado tendr\u00e1 lugar del 25 al 27 de enero dentro del marco de la \u00abFira i Porrat de Sant Antoni\u00bb de Benissa Durante tres d\u00edas las calles del casco hist\u00f3rico de la localidad se llenar\u00e1n de puestos con productos de artesan\u00eda, zona gastron\u00f3mica, zoco \u00e1rabe, exposiciones tem\u00e1ticas, talleres de oficios antiguos, actuaciones ambientadas en la \u00e9poca y desfiles. Para los m\u00e1s peque\u00f1os habr\u00e1 ludoteca, talleres infantiles y teatros de marionetas y t\u00edteres. El Mercado medieval de Benissa cierra el programa de actos de la Fira de Benissa, que se desarrolla esos d\u00edas en la localidad con muchas m\u00e1s actividades [&hellip;]\" \/>\n<meta property=\"og:url\" content=\"https:\/\/costablancaup.com\/es\/benissa-celebra-su-tradicional-mercado-medieval-con-un-extenso-programa-de-actividades\/\" \/>\n<meta property=\"og:site_name\" content=\"COSTA BLANCA UP\" \/>\n<meta property=\"article:published_time\" content=\"2019-01-23T10:04:20+00:00\" \/>\n<meta property=\"article:modified_time\" content=\"2020-09-22T07:56:38+00:00\" \/>\n<meta property=\"og:image\" content=\"https:\/\/costablancaup.com\/wp-content\/uploads\/2019\/01\/firaiporrat-benissa-2019.jpg\" \/>\n\t<meta property=\"og:image:width\" content=\"800\" \/>\n\t<meta property=\"og:image:height\" content=\"302\" \/>\n\t<meta property=\"og:image:type\" content=\"image\/jpeg\" \/>\n<meta name=\"author\" content=\"jas_admin\" \/>\n<meta name=\"twitter:card\" content=\"summary_large_image\" \/>\n<meta name=\"twitter:label1\" content=\"Escrito por\" \/>\n\t<meta name=\"twitter:data1\" content=\"jas_admin\" \/>\n\t<meta name=\"twitter:label2\" content=\"Tiempo de lectura\" \/>\n\t<meta name=\"twitter:data2\" content=\"1 minuto\" \/>\n<script type=\"application\/ld+json\" class=\"yoast-schema-graph\">{\"@context\":\"https:\\\/\\\/schema.org\",\"@graph\":[{\"@type\":\"Article\",\"@id\":\"https:\\\/\\\/costablancaup.com\\\/es\\\/benissa-celebra-su-tradicional-mercado-medieval-con-un-extenso-programa-de-actividades\\\/#article\",\"isPartOf\":{\"@id\":\"https:\\\/\\\/costablancaup.com\\\/es\\\/benissa-celebra-su-tradicional-mercado-medieval-con-un-extenso-programa-de-actividades\\\/\"},\"author\":{\"name\":\"jas_admin\",\"@id\":\"https:\\\/\\\/costablancaup.com\\\/es\\\/#\\\/schema\\\/person\\\/a4a0ee1ba74dae33c5d59d6279cd9489\"},\"headline\":\"Benissa celebra su tradicional Mercado medieval con un extenso programa de actividades\",\"datePublished\":\"2019-01-23T10:04:20+00:00\",\"dateModified\":\"2020-09-22T07:56:38+00:00\",\"mainEntityOfPage\":{\"@id\":\"https:\\\/\\\/costablancaup.com\\\/es\\\/benissa-celebra-su-tradicional-mercado-medieval-con-un-extenso-programa-de-actividades\\\/\"},\"wordCount\":160,\"commentCount\":0,\"publisher\":{\"@id\":\"https:\\\/\\\/costablancaup.com\\\/es\\\/#organization\"},\"image\":{\"@id\":\"https:\\\/\\\/costablancaup.com\\\/es\\\/benissa-celebra-su-tradicional-mercado-medieval-con-un-extenso-programa-de-actividades\\\/#primaryimage\"},\"thumbnailUrl\":\"https:\\\/\\\/costablancaup.com\\\/wp-content\\\/uploads\\\/2019\\\/01\\\/firaiporrat-benissa-2019.jpg\",\"keywords\":[\"Benissa\"],\"articleSection\":[\"Eventos culturales\"],\"inLanguage\":\"es\",\"potentialAction\":[{\"@type\":\"CommentAction\",\"name\":\"Comment\",\"target\":[\"https:\\\/\\\/costablancaup.com\\\/es\\\/benissa-celebra-su-tradicional-mercado-medieval-con-un-extenso-programa-de-actividades\\\/#respond\"]}]},{\"@type\":\"WebPage\",\"@id\":\"https:\\\/\\\/costablancaup.com\\\/es\\\/benissa-celebra-su-tradicional-mercado-medieval-con-un-extenso-programa-de-actividades\\\/\",\"url\":\"https:\\\/\\\/costablancaup.com\\\/es\\\/benissa-celebra-su-tradicional-mercado-medieval-con-un-extenso-programa-de-actividades\\\/\",\"name\":\"COSTA BLANCA UP - Benissa celebra su tradicional Mercado medieval con un extenso programa de actividades\",\"isPartOf\":{\"@id\":\"https:\\\/\\\/costablancaup.com\\\/es\\\/#website\"},\"primaryImageOfPage\":{\"@id\":\"https:\\\/\\\/costablancaup.com\\\/es\\\/benissa-celebra-su-tradicional-mercado-medieval-con-un-extenso-programa-de-actividades\\\/#primaryimage\"},\"image\":{\"@id\":\"https:\\\/\\\/costablancaup.com\\\/es\\\/benissa-celebra-su-tradicional-mercado-medieval-con-un-extenso-programa-de-actividades\\\/#primaryimage\"},\"thumbnailUrl\":\"https:\\\/\\\/costablancaup.com\\\/wp-content\\\/uploads\\\/2019\\\/01\\\/firaiporrat-benissa-2019.jpg\",\"datePublished\":\"2019-01-23T10:04:20+00:00\",\"dateModified\":\"2020-09-22T07:56:38+00:00\",\"breadcrumb\":{\"@id\":\"https:\\\/\\\/costablancaup.com\\\/es\\\/benissa-celebra-su-tradicional-mercado-medieval-con-un-extenso-programa-de-actividades\\\/#breadcrumb\"},\"inLanguage\":\"es\",\"potentialAction\":[{\"@type\":\"ReadAction\",\"target\":[\"https:\\\/\\\/costablancaup.com\\\/es\\\/benissa-celebra-su-tradicional-mercado-medieval-con-un-extenso-programa-de-actividades\\\/\"]}]},{\"@type\":\"ImageObject\",\"inLanguage\":\"es\",\"@id\":\"https:\\\/\\\/costablancaup.com\\\/es\\\/benissa-celebra-su-tradicional-mercado-medieval-con-un-extenso-programa-de-actividades\\\/#primaryimage\",\"url\":\"https:\\\/\\\/costablancaup.com\\\/wp-content\\\/uploads\\\/2019\\\/01\\\/firaiporrat-benissa-2019.jpg\",\"contentUrl\":\"https:\\\/\\\/costablancaup.com\\\/wp-content\\\/uploads\\\/2019\\\/01\\\/firaiporrat-benissa-2019.jpg\",\"width\":800,\"height\":302,\"caption\":\"Fira i Porrat de Benissa\"},{\"@type\":\"BreadcrumbList\",\"@id\":\"https:\\\/\\\/costablancaup.com\\\/es\\\/benissa-celebra-su-tradicional-mercado-medieval-con-un-extenso-programa-de-actividades\\\/#breadcrumb\",\"itemListElement\":[{\"@type\":\"ListItem\",\"position\":1,\"name\":\"Home\",\"item\":\"https:\\\/\\\/costablancaup.com\\\/es\\\/\"},{\"@type\":\"ListItem\",\"position\":2,\"name\":\"Benissa celebra su tradicional Mercado medieval con un extenso programa de actividades\"}]},{\"@type\":\"WebSite\",\"@id\":\"https:\\\/\\\/costablancaup.com\\\/es\\\/#website\",\"url\":\"https:\\\/\\\/costablancaup.com\\\/es\\\/\",\"name\":\"COSTA BLANCA UP\",\"description\":\"Costa Blanca Events and Agenda\",\"publisher\":{\"@id\":\"https:\\\/\\\/costablancaup.com\\\/es\\\/#organization\"},\"potentialAction\":[{\"@type\":\"SearchAction\",\"target\":{\"@type\":\"EntryPoint\",\"urlTemplate\":\"https:\\\/\\\/costablancaup.com\\\/es\\\/?s={search_term_string}\"},\"query-input\":{\"@type\":\"PropertyValueSpecification\",\"valueRequired\":true,\"valueName\":\"search_term_string\"}}],\"inLanguage\":\"es\"},{\"@type\":\"Organization\",\"@id\":\"https:\\\/\\\/costablancaup.com\\\/es\\\/#organization\",\"name\":\"Costa Blanca Up\",\"url\":\"https:\\\/\\\/costablancaup.com\\\/es\\\/\",\"logo\":{\"@type\":\"ImageObject\",\"inLanguage\":\"es\",\"@id\":\"https:\\\/\\\/costablancaup.com\\\/es\\\/#\\\/schema\\\/logo\\\/image\\\/\",\"url\":\"https:\\\/\\\/costablancaup.com\\\/wp-content\\\/uploads\\\/2018\\\/07\\\/titulo_web-1.png\",\"contentUrl\":\"https:\\\/\\\/costablancaup.com\\\/wp-content\\\/uploads\\\/2018\\\/07\\\/titulo_web-1.png\",\"width\":1973,\"height\":303,\"caption\":\"Costa Blanca Up\"},\"image\":{\"@id\":\"https:\\\/\\\/costablancaup.com\\\/es\\\/#\\\/schema\\\/logo\\\/image\\\/\"}},{\"@type\":\"Person\",\"@id\":\"https:\\\/\\\/costablancaup.com\\\/es\\\/#\\\/schema\\\/person\\\/a4a0ee1ba74dae33c5d59d6279cd9489\",\"name\":\"jas_admin\",\"image\":{\"@type\":\"ImageObject\",\"inLanguage\":\"es\",\"@id\":\"https:\\\/\\\/secure.gravatar.com\\\/avatar\\\/d5a1282fae1020d8b4f7a1b95dac31c3c08f7dfd0a06b2ba5aa24fa117526f78?s=96&d=mm&r=g\",\"url\":\"https:\\\/\\\/secure.gravatar.com\\\/avatar\\\/d5a1282fae1020d8b4f7a1b95dac31c3c08f7dfd0a06b2ba5aa24fa117526f78?s=96&d=mm&r=g\",\"contentUrl\":\"https:\\\/\\\/secure.gravatar.com\\\/avatar\\\/d5a1282fae1020d8b4f7a1b95dac31c3c08f7dfd0a06b2ba5aa24fa117526f78?s=96&d=mm&r=g\",\"caption\":\"jas_admin\"}}]}<\/script>\n<!-- \/ Yoast SEO plugin. -->","yoast_head_json":{"title":"COSTA BLANCA UP - Benissa celebra su tradicional Mercado medieval con un extenso programa de actividades","robots":{"index":"index","follow":"follow","max-snippet":"max-snippet:-1","max-image-preview":"max-image-preview:large","max-video-preview":"max-video-preview:-1"},"canonical":"https:\/\/costablancaup.com\/es\/benissa-celebra-su-tradicional-mercado-medieval-con-un-extenso-programa-de-actividades\/","og_locale":"es_ES","og_type":"article","og_title":"COSTA BLANCA UP - Benissa celebra su tradicional Mercado medieval con un extenso programa de actividades","og_description":"El mercado tendr\u00e1 lugar del 25 al 27 de enero dentro del marco de la \u00abFira i Porrat de Sant Antoni\u00bb de Benissa Durante tres d\u00edas las calles del casco hist\u00f3rico de la localidad se llenar\u00e1n de puestos con productos de artesan\u00eda, zona gastron\u00f3mica, zoco \u00e1rabe, exposiciones tem\u00e1ticas, talleres de oficios antiguos, actuaciones ambientadas en la \u00e9poca y desfiles. Para los m\u00e1s peque\u00f1os habr\u00e1 ludoteca, talleres infantiles y teatros de marionetas y t\u00edteres. El Mercado medieval de Benissa cierra el programa de actos de la Fira de Benissa, que se desarrolla esos d\u00edas en la localidad con muchas m\u00e1s actividades [&hellip;]","og_url":"https:\/\/costablancaup.com\/es\/benissa-celebra-su-tradicional-mercado-medieval-con-un-extenso-programa-de-actividades\/","og_site_name":"COSTA BLANCA UP","article_published_time":"2019-01-23T10:04:20+00:00","article_modified_time":"2020-09-22T07:56:38+00:00","og_image":[{"width":800,"height":302,"url":"https:\/\/costablancaup.com\/wp-content\/uploads\/2019\/01\/firaiporrat-benissa-2019.jpg","type":"image\/jpeg"}],"author":"jas_admin","twitter_card":"summary_large_image","twitter_misc":{"Escrito por":"jas_admin","Tiempo de lectura":"1 minuto"},"schema":{"@context":"https:\/\/schema.org","@graph":[{"@type":"Article","@id":"https:\/\/costablancaup.com\/es\/benissa-celebra-su-tradicional-mercado-medieval-con-un-extenso-programa-de-actividades\/#article","isPartOf":{"@id":"https:\/\/costablancaup.com\/es\/benissa-celebra-su-tradicional-mercado-medieval-con-un-extenso-programa-de-actividades\/"},"author":{"name":"jas_admin","@id":"https:\/\/costablancaup.com\/es\/#\/schema\/person\/a4a0ee1ba74dae33c5d59d6279cd9489"},"headline":"Benissa celebra su tradicional Mercado medieval con un extenso programa de actividades","datePublished":"2019-01-23T10:04:20+00:00","dateModified":"2020-09-22T07:56:38+00:00","mainEntityOfPage":{"@id":"https:\/\/costablancaup.com\/es\/benissa-celebra-su-tradicional-mercado-medieval-con-un-extenso-programa-de-actividades\/"},"wordCount":160,"commentCount":0,"publisher":{"@id":"https:\/\/costablancaup.com\/es\/#organization"},"image":{"@id":"https:\/\/costablancaup.com\/es\/benissa-celebra-su-tradicional-mercado-medieval-con-un-extenso-programa-de-actividades\/#primaryimage"},"thumbnailUrl":"https:\/\/costablancaup.com\/wp-content\/uploads\/2019\/01\/firaiporrat-benissa-2019.jpg","keywords":["Benissa"],"articleSection":["Eventos culturales"],"inLanguage":"es","potentialAction":[{"@type":"CommentAction","name":"Comment","target":["https:\/\/costablancaup.com\/es\/benissa-celebra-su-tradicional-mercado-medieval-con-un-extenso-programa-de-actividades\/#respond"]}]},{"@type":"WebPage","@id":"https:\/\/costablancaup.com\/es\/benissa-celebra-su-tradicional-mercado-medieval-con-un-extenso-programa-de-actividades\/","url":"https:\/\/costablancaup.com\/es\/benissa-celebra-su-tradicional-mercado-medieval-con-un-extenso-programa-de-actividades\/","name":"COSTA BLANCA UP - Benissa celebra su tradicional Mercado medieval con un extenso programa de actividades","isPartOf":{"@id":"https:\/\/costablancaup.com\/es\/#website"},"primaryImageOfPage":{"@id":"https:\/\/costablancaup.com\/es\/benissa-celebra-su-tradicional-mercado-medieval-con-un-extenso-programa-de-actividades\/#primaryimage"},"image":{"@id":"https:\/\/costablancaup.com\/es\/benissa-celebra-su-tradicional-mercado-medieval-con-un-extenso-programa-de-actividades\/#primaryimage"},"thumbnailUrl":"https:\/\/costablancaup.com\/wp-content\/uploads\/2019\/01\/firaiporrat-benissa-2019.jpg","datePublished":"2019-01-23T10:04:20+00:00","dateModified":"2020-09-22T07:56:38+00:00","breadcrumb":{"@id":"https:\/\/costablancaup.com\/es\/benissa-celebra-su-tradicional-mercado-medieval-con-un-extenso-programa-de-actividades\/#breadcrumb"},"inLanguage":"es","potentialAction":[{"@type":"ReadAction","target":["https:\/\/costablancaup.com\/es\/benissa-celebra-su-tradicional-mercado-medieval-con-un-extenso-programa-de-actividades\/"]}]},{"@type":"ImageObject","inLanguage":"es","@id":"https:\/\/costablancaup.com\/es\/benissa-celebra-su-tradicional-mercado-medieval-con-un-extenso-programa-de-actividades\/#primaryimage","url":"https:\/\/costablancaup.com\/wp-content\/uploads\/2019\/01\/firaiporrat-benissa-2019.jpg","contentUrl":"https:\/\/costablancaup.com\/wp-content\/uploads\/2019\/01\/firaiporrat-benissa-2019.jpg","width":800,"height":302,"caption":"Fira i Porrat de Benissa"},{"@type":"BreadcrumbList","@id":"https:\/\/costablancaup.com\/es\/benissa-celebra-su-tradicional-mercado-medieval-con-un-extenso-programa-de-actividades\/#breadcrumb","itemListElement":[{"@type":"ListItem","position":1,"name":"Home","item":"https:\/\/costablancaup.com\/es\/"},{"@type":"ListItem","position":2,"name":"Benissa celebra su tradicional Mercado medieval con un extenso programa de actividades"}]},{"@type":"WebSite","@id":"https:\/\/costablancaup.com\/es\/#website","url":"https:\/\/costablancaup.com\/es\/","name":"COSTA BLANCA UP","description":"Costa Blanca Events and Agenda","publisher":{"@id":"https:\/\/costablancaup.com\/es\/#organization"},"potentialAction":[{"@type":"SearchAction","target":{"@type":"EntryPoint","urlTemplate":"https:\/\/costablancaup.com\/es\/?s={search_term_string}"},"query-input":{"@type":"PropertyValueSpecification","valueRequired":true,"valueName":"search_term_string"}}],"inLanguage":"es"},{"@type":"Organization","@id":"https:\/\/costablancaup.com\/es\/#organization","name":"Costa Blanca Up","url":"https:\/\/costablancaup.com\/es\/","logo":{"@type":"ImageObject","inLanguage":"es","@id":"https:\/\/costablancaup.com\/es\/#\/schema\/logo\/image\/","url":"https:\/\/costablancaup.com\/wp-content\/uploads\/2018\/07\/titulo_web-1.png","contentUrl":"https:\/\/costablancaup.com\/wp-content\/uploads\/2018\/07\/titulo_web-1.png","width":1973,"height":303,"caption":"Costa Blanca Up"},"image":{"@id":"https:\/\/costablancaup.com\/es\/#\/schema\/logo\/image\/"}},{"@type":"Person","@id":"https:\/\/costablancaup.com\/es\/#\/schema\/person\/a4a0ee1ba74dae33c5d59d6279cd9489","name":"jas_admin","image":{"@type":"ImageObject","inLanguage":"es","@id":"https:\/\/secure.gravatar.com\/avatar\/d5a1282fae1020d8b4f7a1b95dac31c3c08f7dfd0a06b2ba5aa24fa117526f78?s=96&d=mm&r=g","url":"https:\/\/secure.gravatar.com\/avatar\/d5a1282fae1020d8b4f7a1b95dac31c3c08f7dfd0a06b2ba5aa24fa117526f78?s=96&d=mm&r=g","contentUrl":"https:\/\/secure.gravatar.com\/avatar\/d5a1282fae1020d8b4f7a1b95dac31c3c08f7dfd0a06b2ba5aa24fa117526f78?s=96&d=mm&r=g","caption":"jas_admin"}}]}},"_links":{"self":[{"href":"https:\/\/costablancaup.com\/es\/wp-json\/wp\/v2\/posts\/24217","targetHints":{"allow":["GET"]}}],"collection":[{"href":"https:\/\/costablancaup.com\/es\/wp-json\/wp\/v2\/posts"}],"about":[{"href":"https:\/\/costablancaup.com\/es\/wp-json\/wp\/v2\/types\/post"}],"author":[{"embeddable":true,"href":"https:\/\/costablancaup.com\/es\/wp-json\/wp\/v2\/users\/1"}],"replies":[{"embeddable":true,"href":"https:\/\/costablancaup.com\/es\/wp-json\/wp\/v2\/comments?post=24217"}],"version-history":[{"count":1,"href":"https:\/\/costablancaup.com\/es\/wp-json\/wp\/v2\/posts\/24217\/revisions"}],"predecessor-version":[{"id":24224,"href":"https:\/\/costablancaup.com\/es\/wp-json\/wp\/v2\/posts\/24217\/revisions\/24224"}],"wp:featuredmedia":[{"embeddable":true,"href":"https:\/\/costablancaup.com\/es\/wp-json\/wp\/v2\/media\/24221"}],"wp:attachment":[{"href":"https:\/\/costablancaup.com\/es\/wp-json\/wp\/v2\/media?parent=24217"}],"wp:term":[{"taxonomy":"category","embeddable":true,"href":"https:\/\/costablancaup.com\/es\/wp-json\/wp\/v2\/categories?post=24217"},{"taxonomy":"post_tag","embeddable":true,"href":"https:\/\/costablancaup.com\/es\/wp-json\/wp\/v2\/tags?post=24217"}],"curies":[{"name":"wp","href":"https:\/\/api.w.org\/{rel}","templated":true}]}}