{"id":28370,"date":"2019-03-29T09:06:31","date_gmt":"2019-03-29T08:06:31","guid":{"rendered":"https:\/\/costablancaup.com\/?p=28370"},"modified":"2019-03-29T09:06:31","modified_gmt":"2019-03-29T08:06:31","slug":"la-feria-del-libro-de-alicante-abre-sus-puertas-en-la-plaza-seneca","status":"publish","type":"post","link":"https:\/\/costablancaup.com\/es\/la-feria-del-libro-de-alicante-abre-sus-puertas-en-la-plaza-seneca\/","title":{"rendered":"La Feria del Libro de Alicante abre sus puertas en la plaza S\u00e9neca"},"content":{"rendered":"<p><img loading=\"lazy\" decoding=\"async\" src=\"https:\/\/costablancaup.com\/wp-content\/uploads\/2019\/03\/feria-libro-alicante-2019.jpg\" alt=\"Feria del Libro de Alicante\" width=\"1024\" height=\"553\" class=\"aligncenter size-full wp-image-28371\" srcset=\"https:\/\/costablancaup.com\/wp-content\/uploads\/2019\/03\/feria-libro-alicante-2019.jpg 1024w, https:\/\/costablancaup.com\/wp-content\/uploads\/2019\/03\/feria-libro-alicante-2019-300x162.jpg 300w, https:\/\/costablancaup.com\/wp-content\/uploads\/2019\/03\/feria-libro-alicante-2019-768x415.jpg 768w, https:\/\/costablancaup.com\/wp-content\/uploads\/2019\/03\/feria-libro-alicante-2019-400x216.jpg 400w\" sizes=\"auto, (max-width: 1024px) 100vw, 1024px\" \/><br \/>\n<\/p>\n<div class=\"piefoto\">Por ferialibroalicante.es<\/div>\n<p><\/p>\n<h2>La Feria estar\u00e1 abierta al p\u00fablico hasta el 7 de abril en la antigua estaci\u00f3n de autobuses de la <em>plaza S\u00e9neca<\/em> de Alicante.<\/h2>\n<p>La edici\u00f3n de este a\u00f1o tiene como lema \u00abmujeres de palabra\u00bb y pretende dar un mayor protagonismo y visibilidad a las mujer en la literatura, dentro de sus diferentes \u00e1mbitos: escritura, edici\u00f3n, traducci\u00f3n&#8230;<\/p>\n<p>La celebraci\u00f3n en esta nueva ubicaci\u00f3n pretende ser un nuevo comienzo para este evento, en el que expondr\u00e1n sus libros una decena de instituciones y librer\u00edas.<\/p>\n<p>Adem\u00e1s de la presencia de autores (est\u00e1 previsto acudan a firmar sus libros unos doscientos escritores), se han organizado actividades paralelas para todas las edades como cuentacuentos, animaciones a la lectura, concursos y diferentes talleres.<\/p>\n<h3>Horarios<\/h3>\n<ul>\n<li>Ma\u00f1anas, de 10:30 a 14:00 horas.<\/li>\n<li>Tardes, de 17:00 a 21:00 horas.<\/li>\n<\/ul>\n<h3>Localizaci\u00f3n<\/h3>\n\r\n            \r\n            \r\n            \r\n            <a name='map177'><\/a>\r\n            \r\n            \r\n            \r\n            \r\n            <div class=\"wpgmza_map \"  id=\"wpgmza_map_177\" style=\"display:block; overflow:auto; width:100%; height:400px; float:left;\" data-settings='{\"id\":\"177\",\"map_title\":\"Plaza S\\u00e9neca (Alicante)\",\"map_width\":\"100\",\"map_height\":\"400\",\"map_start_lat\":\"38.343147\",\"map_start_lng\":\"-0.489800\",\"map_start_location\":\"38.343147461804286,-0.4898003825748032\",\"map_start_zoom\":\"15\",\"default_marker\":\"0\",\"type\":\"1\",\"alignment\":\"1\",\"directions_enabled\":\"0\",\"styling_enabled\":\"0\",\"styling_json\":\"\",\"active\":\"0\",\"kml\":\"\",\"bicycle\":\"0\",\"traffic\":\"0\",\"dbox\":\"1\",\"dbox_width\":\"100\",\"listmarkers\":\"0\",\"listmarkers_advanced\":\"0\",\"filterbycat\":\"0\",\"ugm_enabled\":\"0\",\"ugm_category_enabled\":\"0\",\"fusion\":\"\",\"map_width_type\":\"\\\\%\",\"map_height_type\":\"px\",\"mass_marker_support\":\"0\",\"ugm_access\":\"0\",\"order_markers_by\":\"1\",\"order_markers_choice\":\"2\",\"show_user_location\":\"2\",\"default_to\":\"\",\"other_settings\":{\"wpgmza_store_locator_restrict\":\"\",\"wpgmza_sl_animation\":\"1\",\"store_locator_query_string\":\"ZIP \\\/ Address:\",\"store_locator_name_string\":\"Title \\\/ Description:\",\"store_locator_default_address\":\"\",\"wpgmza_dbox_width_type\":\"%\",\"map_max_zoom\":\"3\",\"map_min_zoom\":\"21\",\"sl_stroke_color\":\"FF0000\",\"sl_stroke_opacity\":\"0.25\",\"sl_fill_color\":\"FF0000\",\"sl_fill_opacity\":\"0.15\",\"click_open_link\":2,\"transport_layer\":0,\"iw_primary_color\":\"2A3744\",\"iw_accent_color\":\"252F3A\",\"iw_text_color\":\"FFFFFF\",\"wpgmza_iw_type\":\"0\",\"list_markers_by\":\"0\",\"push_in_map\":\"\",\"push_in_map_placement\":\"9\",\"wpgmza_push_in_map_width\":\"\",\"wpgmza_push_in_map_height\":\"\",\"wpgmza_theme_data\":\"\",\"upload_default_ul_marker\":\"\",\"upload_default_sl_marker\":\"\",\"shortcodeAttributes\":{\"id\":\"177\"}}}' data-map-id='177' data-shortcode-attributes='{\"id\":\"177\"}'> <\/div>\r\n            \r\n               \r\n        \n","protected":false},"excerpt":{"rendered":"<p>La Feria estar\u00e1 abierta al p\u00fablico hasta el 7 de abril en la antigua estaci\u00f3n de autobuses de la plaza S\u00e9neca de Alicante. La edici\u00f3n de este a\u00f1o tiene como lema \u00abmujeres de palabra\u00bb y pretende dar un mayor protagonismo y visibilidad a las mujer en la literatura, dentro de sus diferentes \u00e1mbitos: escritura, edici\u00f3n, traducci\u00f3n&#8230; La celebraci\u00f3n en esta nueva ubicaci\u00f3n pretende ser un nuevo comienzo para este evento, en el que expondr\u00e1n sus libros una decena de instituciones y librer\u00edas. Adem\u00e1s de la presencia de autores (est\u00e1 previsto acudan a firmar sus libros unos doscientos escritores), se han [&hellip;]<\/p>\n","protected":false},"author":1,"featured_media":28371,"comment_status":"open","ping_status":"closed","sticky":false,"template":"","format":"standard","meta":{"footnotes":""},"categories":[5015],"tags":[5070],"class_list":["post-28370","post","type-post","status-publish","format-standard","has-post-thumbnail","hentry","category-eventos-culturales","tag-alicante-es"],"yoast_head":"<!-- This site is optimized with the Yoast SEO plugin v27.4 - https:\/\/yoast.com\/product\/yoast-seo-wordpress\/ -->\n<title>COSTA BLANCA UP - La Feria del Libro de Alicante abre sus puertas en la plaza S\u00e9neca<\/title>\n<meta name=\"robots\" content=\"index, follow, max-snippet:-1, max-image-preview:large, max-video-preview:-1\" \/>\n<link rel=\"canonical\" href=\"https:\/\/costablancaup.com\/es\/la-feria-del-libro-de-alicante-abre-sus-puertas-en-la-plaza-seneca\/\" \/>\n<meta property=\"og:locale\" content=\"es_ES\" \/>\n<meta property=\"og:type\" content=\"article\" \/>\n<meta property=\"og:title\" content=\"COSTA BLANCA UP - La Feria del Libro de Alicante abre sus puertas en la plaza S\u00e9neca\" \/>\n<meta property=\"og:description\" content=\"La Feria estar\u00e1 abierta al p\u00fablico hasta el 7 de abril en la antigua estaci\u00f3n de autobuses de la plaza S\u00e9neca de Alicante. La edici\u00f3n de este a\u00f1o tiene como lema \u00abmujeres de palabra\u00bb y pretende dar un mayor protagonismo y visibilidad a las mujer en la literatura, dentro de sus diferentes \u00e1mbitos: escritura, edici\u00f3n, traducci\u00f3n&#8230; La celebraci\u00f3n en esta nueva ubicaci\u00f3n pretende ser un nuevo comienzo para este evento, en el que expondr\u00e1n sus libros una decena de instituciones y librer\u00edas. Adem\u00e1s de la presencia de autores (est\u00e1 previsto acudan a firmar sus libros unos doscientos escritores), se han [&hellip;]\" \/>\n<meta property=\"og:url\" content=\"https:\/\/costablancaup.com\/es\/la-feria-del-libro-de-alicante-abre-sus-puertas-en-la-plaza-seneca\/\" \/>\n<meta property=\"og:site_name\" content=\"COSTA BLANCA UP\" \/>\n<meta property=\"article:published_time\" content=\"2019-03-29T08:06:31+00:00\" \/>\n<meta property=\"og:image\" content=\"https:\/\/costablancaup.com\/wp-content\/uploads\/2019\/03\/feria-libro-alicante-2019.jpg\" \/>\n\t<meta property=\"og:image:width\" content=\"1024\" \/>\n\t<meta property=\"og:image:height\" content=\"553\" \/>\n\t<meta property=\"og:image:type\" content=\"image\/jpeg\" \/>\n<meta name=\"author\" content=\"jas_admin\" \/>\n<meta name=\"twitter:card\" content=\"summary_large_image\" \/>\n<meta name=\"twitter:label1\" content=\"Escrito por\" \/>\n\t<meta name=\"twitter:data1\" content=\"jas_admin\" \/>\n\t<meta name=\"twitter:label2\" content=\"Tiempo de lectura\" \/>\n\t<meta name=\"twitter:data2\" content=\"1 minuto\" \/>\n<script type=\"application\/ld+json\" class=\"yoast-schema-graph\">{\"@context\":\"https:\\\/\\\/schema.org\",\"@graph\":[{\"@type\":\"Article\",\"@id\":\"https:\\\/\\\/costablancaup.com\\\/es\\\/la-feria-del-libro-de-alicante-abre-sus-puertas-en-la-plaza-seneca\\\/#article\",\"isPartOf\":{\"@id\":\"https:\\\/\\\/costablancaup.com\\\/es\\\/la-feria-del-libro-de-alicante-abre-sus-puertas-en-la-plaza-seneca\\\/\"},\"author\":{\"name\":\"jas_admin\",\"@id\":\"https:\\\/\\\/costablancaup.com\\\/es\\\/#\\\/schema\\\/person\\\/a4a0ee1ba74dae33c5d59d6279cd9489\"},\"headline\":\"La Feria del Libro de Alicante abre sus puertas en la plaza S\u00e9neca\",\"datePublished\":\"2019-03-29T08:06:31+00:00\",\"mainEntityOfPage\":{\"@id\":\"https:\\\/\\\/costablancaup.com\\\/es\\\/la-feria-del-libro-de-alicante-abre-sus-puertas-en-la-plaza-seneca\\\/\"},\"wordCount\":161,\"commentCount\":0,\"publisher\":{\"@id\":\"https:\\\/\\\/costablancaup.com\\\/es\\\/#organization\"},\"image\":{\"@id\":\"https:\\\/\\\/costablancaup.com\\\/es\\\/la-feria-del-libro-de-alicante-abre-sus-puertas-en-la-plaza-seneca\\\/#primaryimage\"},\"thumbnailUrl\":\"https:\\\/\\\/costablancaup.com\\\/wp-content\\\/uploads\\\/2019\\\/03\\\/feria-libro-alicante-2019.jpg\",\"keywords\":[\"Alicante\"],\"articleSection\":[\"Eventos culturales\"],\"inLanguage\":\"es\",\"potentialAction\":[{\"@type\":\"CommentAction\",\"name\":\"Comment\",\"target\":[\"https:\\\/\\\/costablancaup.com\\\/es\\\/la-feria-del-libro-de-alicante-abre-sus-puertas-en-la-plaza-seneca\\\/#respond\"]}]},{\"@type\":\"WebPage\",\"@id\":\"https:\\\/\\\/costablancaup.com\\\/es\\\/la-feria-del-libro-de-alicante-abre-sus-puertas-en-la-plaza-seneca\\\/\",\"url\":\"https:\\\/\\\/costablancaup.com\\\/es\\\/la-feria-del-libro-de-alicante-abre-sus-puertas-en-la-plaza-seneca\\\/\",\"name\":\"COSTA BLANCA UP - La Feria del Libro de Alicante abre sus puertas en la plaza S\u00e9neca\",\"isPartOf\":{\"@id\":\"https:\\\/\\\/costablancaup.com\\\/es\\\/#website\"},\"primaryImageOfPage\":{\"@id\":\"https:\\\/\\\/costablancaup.com\\\/es\\\/la-feria-del-libro-de-alicante-abre-sus-puertas-en-la-plaza-seneca\\\/#primaryimage\"},\"image\":{\"@id\":\"https:\\\/\\\/costablancaup.com\\\/es\\\/la-feria-del-libro-de-alicante-abre-sus-puertas-en-la-plaza-seneca\\\/#primaryimage\"},\"thumbnailUrl\":\"https:\\\/\\\/costablancaup.com\\\/wp-content\\\/uploads\\\/2019\\\/03\\\/feria-libro-alicante-2019.jpg\",\"datePublished\":\"2019-03-29T08:06:31+00:00\",\"breadcrumb\":{\"@id\":\"https:\\\/\\\/costablancaup.com\\\/es\\\/la-feria-del-libro-de-alicante-abre-sus-puertas-en-la-plaza-seneca\\\/#breadcrumb\"},\"inLanguage\":\"es\",\"potentialAction\":[{\"@type\":\"ReadAction\",\"target\":[\"https:\\\/\\\/costablancaup.com\\\/es\\\/la-feria-del-libro-de-alicante-abre-sus-puertas-en-la-plaza-seneca\\\/\"]}]},{\"@type\":\"ImageObject\",\"inLanguage\":\"es\",\"@id\":\"https:\\\/\\\/costablancaup.com\\\/es\\\/la-feria-del-libro-de-alicante-abre-sus-puertas-en-la-plaza-seneca\\\/#primaryimage\",\"url\":\"https:\\\/\\\/costablancaup.com\\\/wp-content\\\/uploads\\\/2019\\\/03\\\/feria-libro-alicante-2019.jpg\",\"contentUrl\":\"https:\\\/\\\/costablancaup.com\\\/wp-content\\\/uploads\\\/2019\\\/03\\\/feria-libro-alicante-2019.jpg\",\"width\":1024,\"height\":553,\"caption\":\"Feria del Libro de Alicante\"},{\"@type\":\"BreadcrumbList\",\"@id\":\"https:\\\/\\\/costablancaup.com\\\/es\\\/la-feria-del-libro-de-alicante-abre-sus-puertas-en-la-plaza-seneca\\\/#breadcrumb\",\"itemListElement\":[{\"@type\":\"ListItem\",\"position\":1,\"name\":\"Home\",\"item\":\"https:\\\/\\\/costablancaup.com\\\/es\\\/\"},{\"@type\":\"ListItem\",\"position\":2,\"name\":\"La Feria del Libro de Alicante abre sus puertas en la plaza S\u00e9neca\"}]},{\"@type\":\"WebSite\",\"@id\":\"https:\\\/\\\/costablancaup.com\\\/es\\\/#website\",\"url\":\"https:\\\/\\\/costablancaup.com\\\/es\\\/\",\"name\":\"COSTA BLANCA UP\",\"description\":\"Costa Blanca Events and Agenda\",\"publisher\":{\"@id\":\"https:\\\/\\\/costablancaup.com\\\/es\\\/#organization\"},\"potentialAction\":[{\"@type\":\"SearchAction\",\"target\":{\"@type\":\"EntryPoint\",\"urlTemplate\":\"https:\\\/\\\/costablancaup.com\\\/es\\\/?s={search_term_string}\"},\"query-input\":{\"@type\":\"PropertyValueSpecification\",\"valueRequired\":true,\"valueName\":\"search_term_string\"}}],\"inLanguage\":\"es\"},{\"@type\":\"Organization\",\"@id\":\"https:\\\/\\\/costablancaup.com\\\/es\\\/#organization\",\"name\":\"Costa Blanca Up\",\"url\":\"https:\\\/\\\/costablancaup.com\\\/es\\\/\",\"logo\":{\"@type\":\"ImageObject\",\"inLanguage\":\"es\",\"@id\":\"https:\\\/\\\/costablancaup.com\\\/es\\\/#\\\/schema\\\/logo\\\/image\\\/\",\"url\":\"https:\\\/\\\/costablancaup.com\\\/wp-content\\\/uploads\\\/2018\\\/07\\\/titulo_web-1.png\",\"contentUrl\":\"https:\\\/\\\/costablancaup.com\\\/wp-content\\\/uploads\\\/2018\\\/07\\\/titulo_web-1.png\",\"width\":1973,\"height\":303,\"caption\":\"Costa Blanca Up\"},\"image\":{\"@id\":\"https:\\\/\\\/costablancaup.com\\\/es\\\/#\\\/schema\\\/logo\\\/image\\\/\"}},{\"@type\":\"Person\",\"@id\":\"https:\\\/\\\/costablancaup.com\\\/es\\\/#\\\/schema\\\/person\\\/a4a0ee1ba74dae33c5d59d6279cd9489\",\"name\":\"jas_admin\",\"image\":{\"@type\":\"ImageObject\",\"inLanguage\":\"es\",\"@id\":\"https:\\\/\\\/secure.gravatar.com\\\/avatar\\\/d5a1282fae1020d8b4f7a1b95dac31c3c08f7dfd0a06b2ba5aa24fa117526f78?s=96&d=mm&r=g\",\"url\":\"https:\\\/\\\/secure.gravatar.com\\\/avatar\\\/d5a1282fae1020d8b4f7a1b95dac31c3c08f7dfd0a06b2ba5aa24fa117526f78?s=96&d=mm&r=g\",\"contentUrl\":\"https:\\\/\\\/secure.gravatar.com\\\/avatar\\\/d5a1282fae1020d8b4f7a1b95dac31c3c08f7dfd0a06b2ba5aa24fa117526f78?s=96&d=mm&r=g\",\"caption\":\"jas_admin\"}}]}<\/script>\n<!-- \/ Yoast SEO plugin. -->","yoast_head_json":{"title":"COSTA BLANCA UP - La Feria del Libro de Alicante abre sus puertas en la plaza S\u00e9neca","robots":{"index":"index","follow":"follow","max-snippet":"max-snippet:-1","max-image-preview":"max-image-preview:large","max-video-preview":"max-video-preview:-1"},"canonical":"https:\/\/costablancaup.com\/es\/la-feria-del-libro-de-alicante-abre-sus-puertas-en-la-plaza-seneca\/","og_locale":"es_ES","og_type":"article","og_title":"COSTA BLANCA UP - La Feria del Libro de Alicante abre sus puertas en la plaza S\u00e9neca","og_description":"La Feria estar\u00e1 abierta al p\u00fablico hasta el 7 de abril en la antigua estaci\u00f3n de autobuses de la plaza S\u00e9neca de Alicante. La edici\u00f3n de este a\u00f1o tiene como lema \u00abmujeres de palabra\u00bb y pretende dar un mayor protagonismo y visibilidad a las mujer en la literatura, dentro de sus diferentes \u00e1mbitos: escritura, edici\u00f3n, traducci\u00f3n&#8230; La celebraci\u00f3n en esta nueva ubicaci\u00f3n pretende ser un nuevo comienzo para este evento, en el que expondr\u00e1n sus libros una decena de instituciones y librer\u00edas. Adem\u00e1s de la presencia de autores (est\u00e1 previsto acudan a firmar sus libros unos doscientos escritores), se han [&hellip;]","og_url":"https:\/\/costablancaup.com\/es\/la-feria-del-libro-de-alicante-abre-sus-puertas-en-la-plaza-seneca\/","og_site_name":"COSTA BLANCA UP","article_published_time":"2019-03-29T08:06:31+00:00","og_image":[{"width":1024,"height":553,"url":"https:\/\/costablancaup.com\/wp-content\/uploads\/2019\/03\/feria-libro-alicante-2019.jpg","type":"image\/jpeg"}],"author":"jas_admin","twitter_card":"summary_large_image","twitter_misc":{"Escrito por":"jas_admin","Tiempo de lectura":"1 minuto"},"schema":{"@context":"https:\/\/schema.org","@graph":[{"@type":"Article","@id":"https:\/\/costablancaup.com\/es\/la-feria-del-libro-de-alicante-abre-sus-puertas-en-la-plaza-seneca\/#article","isPartOf":{"@id":"https:\/\/costablancaup.com\/es\/la-feria-del-libro-de-alicante-abre-sus-puertas-en-la-plaza-seneca\/"},"author":{"name":"jas_admin","@id":"https:\/\/costablancaup.com\/es\/#\/schema\/person\/a4a0ee1ba74dae33c5d59d6279cd9489"},"headline":"La Feria del Libro de Alicante abre sus puertas en la plaza S\u00e9neca","datePublished":"2019-03-29T08:06:31+00:00","mainEntityOfPage":{"@id":"https:\/\/costablancaup.com\/es\/la-feria-del-libro-de-alicante-abre-sus-puertas-en-la-plaza-seneca\/"},"wordCount":161,"commentCount":0,"publisher":{"@id":"https:\/\/costablancaup.com\/es\/#organization"},"image":{"@id":"https:\/\/costablancaup.com\/es\/la-feria-del-libro-de-alicante-abre-sus-puertas-en-la-plaza-seneca\/#primaryimage"},"thumbnailUrl":"https:\/\/costablancaup.com\/wp-content\/uploads\/2019\/03\/feria-libro-alicante-2019.jpg","keywords":["Alicante"],"articleSection":["Eventos culturales"],"inLanguage":"es","potentialAction":[{"@type":"CommentAction","name":"Comment","target":["https:\/\/costablancaup.com\/es\/la-feria-del-libro-de-alicante-abre-sus-puertas-en-la-plaza-seneca\/#respond"]}]},{"@type":"WebPage","@id":"https:\/\/costablancaup.com\/es\/la-feria-del-libro-de-alicante-abre-sus-puertas-en-la-plaza-seneca\/","url":"https:\/\/costablancaup.com\/es\/la-feria-del-libro-de-alicante-abre-sus-puertas-en-la-plaza-seneca\/","name":"COSTA BLANCA UP - La Feria del Libro de Alicante abre sus puertas en la plaza S\u00e9neca","isPartOf":{"@id":"https:\/\/costablancaup.com\/es\/#website"},"primaryImageOfPage":{"@id":"https:\/\/costablancaup.com\/es\/la-feria-del-libro-de-alicante-abre-sus-puertas-en-la-plaza-seneca\/#primaryimage"},"image":{"@id":"https:\/\/costablancaup.com\/es\/la-feria-del-libro-de-alicante-abre-sus-puertas-en-la-plaza-seneca\/#primaryimage"},"thumbnailUrl":"https:\/\/costablancaup.com\/wp-content\/uploads\/2019\/03\/feria-libro-alicante-2019.jpg","datePublished":"2019-03-29T08:06:31+00:00","breadcrumb":{"@id":"https:\/\/costablancaup.com\/es\/la-feria-del-libro-de-alicante-abre-sus-puertas-en-la-plaza-seneca\/#breadcrumb"},"inLanguage":"es","potentialAction":[{"@type":"ReadAction","target":["https:\/\/costablancaup.com\/es\/la-feria-del-libro-de-alicante-abre-sus-puertas-en-la-plaza-seneca\/"]}]},{"@type":"ImageObject","inLanguage":"es","@id":"https:\/\/costablancaup.com\/es\/la-feria-del-libro-de-alicante-abre-sus-puertas-en-la-plaza-seneca\/#primaryimage","url":"https:\/\/costablancaup.com\/wp-content\/uploads\/2019\/03\/feria-libro-alicante-2019.jpg","contentUrl":"https:\/\/costablancaup.com\/wp-content\/uploads\/2019\/03\/feria-libro-alicante-2019.jpg","width":1024,"height":553,"caption":"Feria del Libro de Alicante"},{"@type":"BreadcrumbList","@id":"https:\/\/costablancaup.com\/es\/la-feria-del-libro-de-alicante-abre-sus-puertas-en-la-plaza-seneca\/#breadcrumb","itemListElement":[{"@type":"ListItem","position":1,"name":"Home","item":"https:\/\/costablancaup.com\/es\/"},{"@type":"ListItem","position":2,"name":"La Feria del Libro de Alicante abre sus puertas en la plaza S\u00e9neca"}]},{"@type":"WebSite","@id":"https:\/\/costablancaup.com\/es\/#website","url":"https:\/\/costablancaup.com\/es\/","name":"COSTA BLANCA UP","description":"Costa Blanca Events and Agenda","publisher":{"@id":"https:\/\/costablancaup.com\/es\/#organization"},"potentialAction":[{"@type":"SearchAction","target":{"@type":"EntryPoint","urlTemplate":"https:\/\/costablancaup.com\/es\/?s={search_term_string}"},"query-input":{"@type":"PropertyValueSpecification","valueRequired":true,"valueName":"search_term_string"}}],"inLanguage":"es"},{"@type":"Organization","@id":"https:\/\/costablancaup.com\/es\/#organization","name":"Costa Blanca Up","url":"https:\/\/costablancaup.com\/es\/","logo":{"@type":"ImageObject","inLanguage":"es","@id":"https:\/\/costablancaup.com\/es\/#\/schema\/logo\/image\/","url":"https:\/\/costablancaup.com\/wp-content\/uploads\/2018\/07\/titulo_web-1.png","contentUrl":"https:\/\/costablancaup.com\/wp-content\/uploads\/2018\/07\/titulo_web-1.png","width":1973,"height":303,"caption":"Costa Blanca Up"},"image":{"@id":"https:\/\/costablancaup.com\/es\/#\/schema\/logo\/image\/"}},{"@type":"Person","@id":"https:\/\/costablancaup.com\/es\/#\/schema\/person\/a4a0ee1ba74dae33c5d59d6279cd9489","name":"jas_admin","image":{"@type":"ImageObject","inLanguage":"es","@id":"https:\/\/secure.gravatar.com\/avatar\/d5a1282fae1020d8b4f7a1b95dac31c3c08f7dfd0a06b2ba5aa24fa117526f78?s=96&d=mm&r=g","url":"https:\/\/secure.gravatar.com\/avatar\/d5a1282fae1020d8b4f7a1b95dac31c3c08f7dfd0a06b2ba5aa24fa117526f78?s=96&d=mm&r=g","contentUrl":"https:\/\/secure.gravatar.com\/avatar\/d5a1282fae1020d8b4f7a1b95dac31c3c08f7dfd0a06b2ba5aa24fa117526f78?s=96&d=mm&r=g","caption":"jas_admin"}}]}},"_links":{"self":[{"href":"https:\/\/costablancaup.com\/es\/wp-json\/wp\/v2\/posts\/28370","targetHints":{"allow":["GET"]}}],"collection":[{"href":"https:\/\/costablancaup.com\/es\/wp-json\/wp\/v2\/posts"}],"about":[{"href":"https:\/\/costablancaup.com\/es\/wp-json\/wp\/v2\/types\/post"}],"author":[{"embeddable":true,"href":"https:\/\/costablancaup.com\/es\/wp-json\/wp\/v2\/users\/1"}],"replies":[{"embeddable":true,"href":"https:\/\/costablancaup.com\/es\/wp-json\/wp\/v2\/comments?post=28370"}],"version-history":[{"count":5,"href":"https:\/\/costablancaup.com\/es\/wp-json\/wp\/v2\/posts\/28370\/revisions"}],"predecessor-version":[{"id":53861,"href":"https:\/\/costablancaup.com\/es\/wp-json\/wp\/v2\/posts\/28370\/revisions\/53861"}],"wp:featuredmedia":[{"embeddable":true,"href":"https:\/\/costablancaup.com\/es\/wp-json\/wp\/v2\/media\/28371"}],"wp:attachment":[{"href":"https:\/\/costablancaup.com\/es\/wp-json\/wp\/v2\/media?parent=28370"}],"wp:term":[{"taxonomy":"category","embeddable":true,"href":"https:\/\/costablancaup.com\/es\/wp-json\/wp\/v2\/categories?post=28370"},{"taxonomy":"post_tag","embeddable":true,"href":"https:\/\/costablancaup.com\/es\/wp-json\/wp\/v2\/tags?post=28370"}],"curies":[{"name":"wp","href":"https:\/\/api.w.org\/{rel}","templated":true}]}}