{"id":28729,"date":"2019-04-03T09:01:28","date_gmt":"2019-04-03T07:01:28","guid":{"rendered":"https:\/\/costablancaup.com\/?p=28729"},"modified":"2019-04-03T09:01:28","modified_gmt":"2019-04-03T07:01:28","slug":"vuelve-a-mutxamel-la-street-food-market-con-una-gran-feria-gastronomica-y-un-mercado-de-diseno","status":"publish","type":"post","link":"https:\/\/costablancaup.com\/es\/vuelve-a-mutxamel-la-street-food-market-con-una-gran-feria-gastronomica-y-un-mercado-de-diseno\/","title":{"rendered":"Vuelve a Mutxamel la \u00abStreet Food Market\u00bb, con una gran feria gastron\u00f3mica y un mercado de dise\u00f1o"},"content":{"rendered":"<p><img loading=\"lazy\" decoding=\"async\" src=\"https:\/\/costablancaup.com\/wp-content\/uploads\/2019\/04\/streetfoodmarket-mutxamel2019.jpg\" alt=\"Street Food Market Mutxamel 2019\" width=\"800\" height=\"318\" class=\"aligncenter size-full wp-image-28734\" srcset=\"https:\/\/costablancaup.com\/wp-content\/uploads\/2019\/04\/streetfoodmarket-mutxamel2019.jpg 800w, https:\/\/costablancaup.com\/wp-content\/uploads\/2019\/04\/streetfoodmarket-mutxamel2019-300x119.jpg 300w, https:\/\/costablancaup.com\/wp-content\/uploads\/2019\/04\/streetfoodmarket-mutxamel2019-768x305.jpg 768w, https:\/\/costablancaup.com\/wp-content\/uploads\/2019\/04\/streetfoodmarket-mutxamel2019-400x159.jpg 400w\" sizes=\"auto, (max-width: 800px) 100vw, 800px\" \/><br \/>\n<\/p>\n<div class=\"piefoto\">Por @AlacantStreetFoodMarket<\/div>\n<p><\/p>\n<h2>El evento que combina gastronom\u00eda, arte y entretenimiento, se desarrollar\u00e1 del 5 al 7 de abril en el <em>Parque Canyar de les Portelles<\/em> de Mutxamel (Alicante).<\/h2>\n<p>La feria, de entrada gratuita, contar\u00e1 con doce caravanas <em>vintage<\/em> que pondr\u00e1n al alcance de todos sus propuestas culinarias.<\/p>\n<p>Paralelamente se instalar\u00e1 un mercado de dise\u00f1o que contar\u00e1 con 30 puestos de arte.<\/p>\n<p>Adem\u00e1s habr\u00e1 m\u00fasica en directo (<em>The Liverpool Band<\/em>, <em>Dingolondango Swing<\/em> y <em>djs<\/em>), bailes de <em>lindy hop<\/em>, actividades y talleres infantiles, y un mon\u00f3logo del conocido humorista <em>Jos\u00e9 Corbacho<\/em>.<\/p>\n<p class=\"tickets\"><a target=\"_blank\" title=\"Comprar entradas\" href=\"http:\/\/www.josecorbachomutxamel.es\/\" rel=\"noopener noreferrer\">Comprar entradas<\/a><\/p>\n<h3>Programa<\/h3>\n<p><img loading=\"lazy\" decoding=\"async\" src=\"https:\/\/costablancaup.com\/wp-content\/uploads\/2019\/04\/street-food-market-mutxamel-2019-programa.jpg\" alt=\"Street Food Market Mutxamel: programa 2019\" width=\"1024\" height=\"721\" class=\"aligncenter size-full wp-image-28731\" srcset=\"https:\/\/costablancaup.com\/wp-content\/uploads\/2019\/04\/street-food-market-mutxamel-2019-programa.jpg 1024w, https:\/\/costablancaup.com\/wp-content\/uploads\/2019\/04\/street-food-market-mutxamel-2019-programa-300x211.jpg 300w, https:\/\/costablancaup.com\/wp-content\/uploads\/2019\/04\/street-food-market-mutxamel-2019-programa-768x541.jpg 768w, https:\/\/costablancaup.com\/wp-content\/uploads\/2019\/04\/street-food-market-mutxamel-2019-programa-400x282.jpg 400w\" sizes=\"auto, (max-width: 1024px) 100vw, 1024px\" \/><\/p>\n<h3>Horario<\/h3>\n<ul>\n<li>Viernes: de 18:00 a 00:00 horas.<\/li>\n<li>S\u00e1bado: de 12:00 a 01:00 horas.<\/li>\n<li>Domingo: de 12:00 a 23:00 horas.<\/li>\n<\/ul>\n<h3>Localizaci\u00f3n<\/h3>\n\r\n            \r\n            \r\n            \r\n            <a name='map179'><\/a>\r\n            \r\n            \r\n            \r\n            \r\n            <div class=\"wpgmza_map \"  id=\"wpgmza_map_179\" style=\"display:block; overflow:auto; width:100%; height:400px; float:left;\" data-settings='{\"id\":\"179\",\"map_title\":\"Parque Canyar de les Portelles (Mutxamel)\",\"map_width\":\"100\",\"map_height\":\"400\",\"map_start_lat\":\"38.416375\",\"map_start_lng\":\"-0.444715\",\"map_start_location\":\"38.41637540966897,-0.4447153098837564\",\"map_start_zoom\":\"16\",\"default_marker\":\"0\",\"type\":\"1\",\"alignment\":\"1\",\"directions_enabled\":\"0\",\"styling_enabled\":\"0\",\"styling_json\":\"\",\"active\":\"0\",\"kml\":\"\",\"bicycle\":\"0\",\"traffic\":\"0\",\"dbox\":\"1\",\"dbox_width\":\"100\",\"listmarkers\":\"0\",\"listmarkers_advanced\":\"0\",\"filterbycat\":\"0\",\"ugm_enabled\":\"0\",\"ugm_category_enabled\":\"0\",\"fusion\":\"\",\"map_width_type\":\"\\\\%\",\"map_height_type\":\"px\",\"mass_marker_support\":\"0\",\"ugm_access\":\"0\",\"order_markers_by\":\"1\",\"order_markers_choice\":\"2\",\"show_user_location\":\"2\",\"default_to\":\"\",\"other_settings\":{\"wpgmza_store_locator_restrict\":\"\",\"wpgmza_sl_animation\":\"1\",\"store_locator_query_string\":\"ZIP \\\/ Address:\",\"store_locator_name_string\":\"Title \\\/ Description:\",\"store_locator_default_address\":\"\",\"wpgmza_dbox_width_type\":\"%\",\"map_max_zoom\":\"3\",\"map_min_zoom\":\"21\",\"sl_stroke_color\":\"FF0000\",\"sl_stroke_opacity\":\"0.25\",\"sl_fill_color\":\"FF0000\",\"sl_fill_opacity\":\"0.15\",\"click_open_link\":2,\"transport_layer\":0,\"iw_primary_color\":\"2A3744\",\"iw_accent_color\":\"252F3A\",\"iw_text_color\":\"FFFFFF\",\"wpgmza_iw_type\":\"0\",\"list_markers_by\":\"0\",\"push_in_map\":\"\",\"push_in_map_placement\":\"9\",\"wpgmza_push_in_map_width\":\"\",\"wpgmza_push_in_map_height\":\"\",\"wpgmza_theme_data\":\"\",\"upload_default_ul_marker\":\"\",\"upload_default_sl_marker\":\"\",\"shortcodeAttributes\":{\"id\":\"179\"}}}' data-map-id='179' data-shortcode-attributes='{\"id\":\"179\"}'> <\/div>\r\n            \r\n               \r\n        \n","protected":false},"excerpt":{"rendered":"<p>El evento que combina gastronom\u00eda, arte y entretenimiento, se desarrollar\u00e1 del 5 al 7 de abril en el Parque Canyar de les Portelles de Mutxamel (Alicante). La feria, de entrada gratuita, contar\u00e1 con doce caravanas vintage que pondr\u00e1n al alcance de todos sus propuestas culinarias. Paralelamente se instalar\u00e1 un mercado de dise\u00f1o que contar\u00e1 con 30 puestos de arte. Adem\u00e1s habr\u00e1 m\u00fasica en directo (The Liverpool Band, Dingolondango Swing y djs), bailes de lindy hop, actividades y talleres infantiles, y un mon\u00f3logo del conocido humorista Jos\u00e9 Corbacho. Comprar entradas Programa Horario Viernes: de 18:00 a 00:00 horas. S\u00e1bado: de 12:00 [&hellip;]<\/p>\n","protected":false},"author":1,"featured_media":28734,"comment_status":"open","ping_status":"closed","sticky":false,"template":"","format":"standard","meta":{"footnotes":""},"categories":[5015],"tags":[5338],"class_list":["post-28729","post","type-post","status-publish","format-standard","has-post-thumbnail","hentry","category-eventos-culturales","tag-mutxamel-es"],"yoast_head":"<!-- This site is optimized with the Yoast SEO plugin v27.4 - https:\/\/yoast.com\/product\/yoast-seo-wordpress\/ -->\n<title>COSTA BLANCA UP - Vuelve a Mutxamel la &quot;Street Food Market&quot;, con una gran feria gastron\u00f3mica y un mercado de dise\u00f1o<\/title>\n<meta name=\"robots\" content=\"index, follow, max-snippet:-1, max-image-preview:large, max-video-preview:-1\" \/>\n<link rel=\"canonical\" href=\"https:\/\/costablancaup.com\/es\/vuelve-a-mutxamel-la-street-food-market-con-una-gran-feria-gastronomica-y-un-mercado-de-diseno\/\" \/>\n<meta property=\"og:locale\" content=\"es_ES\" \/>\n<meta property=\"og:type\" content=\"article\" \/>\n<meta property=\"og:title\" content=\"COSTA BLANCA UP - Vuelve a Mutxamel la &quot;Street Food Market&quot;, con una gran feria gastron\u00f3mica y un mercado de dise\u00f1o\" \/>\n<meta property=\"og:description\" content=\"El evento que combina gastronom\u00eda, arte y entretenimiento, se desarrollar\u00e1 del 5 al 7 de abril en el Parque Canyar de les Portelles de Mutxamel (Alicante). La feria, de entrada gratuita, contar\u00e1 con doce caravanas vintage que pondr\u00e1n al alcance de todos sus propuestas culinarias. Paralelamente se instalar\u00e1 un mercado de dise\u00f1o que contar\u00e1 con 30 puestos de arte. Adem\u00e1s habr\u00e1 m\u00fasica en directo (The Liverpool Band, Dingolondango Swing y djs), bailes de lindy hop, actividades y talleres infantiles, y un mon\u00f3logo del conocido humorista Jos\u00e9 Corbacho. Comprar entradas Programa Horario Viernes: de 18:00 a 00:00 horas. S\u00e1bado: de 12:00 [&hellip;]\" \/>\n<meta property=\"og:url\" content=\"https:\/\/costablancaup.com\/es\/vuelve-a-mutxamel-la-street-food-market-con-una-gran-feria-gastronomica-y-un-mercado-de-diseno\/\" \/>\n<meta property=\"og:site_name\" content=\"COSTA BLANCA UP\" \/>\n<meta property=\"article:published_time\" content=\"2019-04-03T07:01:28+00:00\" \/>\n<meta property=\"og:image\" content=\"https:\/\/costablancaup.com\/wp-content\/uploads\/2019\/04\/streetfoodmarket-mutxamel2019.jpg\" \/>\n\t<meta property=\"og:image:width\" content=\"800\" \/>\n\t<meta property=\"og:image:height\" content=\"318\" \/>\n\t<meta property=\"og:image:type\" content=\"image\/jpeg\" \/>\n<meta name=\"author\" content=\"jas_admin\" \/>\n<meta name=\"twitter:card\" content=\"summary_large_image\" \/>\n<meta name=\"twitter:label1\" content=\"Escrito por\" \/>\n\t<meta name=\"twitter:data1\" content=\"jas_admin\" \/>\n\t<meta name=\"twitter:label2\" content=\"Tiempo de lectura\" \/>\n\t<meta name=\"twitter:data2\" content=\"1 minuto\" \/>\n<script type=\"application\/ld+json\" class=\"yoast-schema-graph\">{\"@context\":\"https:\\\/\\\/schema.org\",\"@graph\":[{\"@type\":\"Article\",\"@id\":\"https:\\\/\\\/costablancaup.com\\\/es\\\/vuelve-a-mutxamel-la-street-food-market-con-una-gran-feria-gastronomica-y-un-mercado-de-diseno\\\/#article\",\"isPartOf\":{\"@id\":\"https:\\\/\\\/costablancaup.com\\\/es\\\/vuelve-a-mutxamel-la-street-food-market-con-una-gran-feria-gastronomica-y-un-mercado-de-diseno\\\/\"},\"author\":{\"name\":\"jas_admin\",\"@id\":\"https:\\\/\\\/costablancaup.com\\\/es\\\/#\\\/schema\\\/person\\\/a4a0ee1ba74dae33c5d59d6279cd9489\"},\"headline\":\"Vuelve a Mutxamel la \u00abStreet Food Market\u00bb, con una gran feria gastron\u00f3mica y un mercado de dise\u00f1o\",\"datePublished\":\"2019-04-03T07:01:28+00:00\",\"mainEntityOfPage\":{\"@id\":\"https:\\\/\\\/costablancaup.com\\\/es\\\/vuelve-a-mutxamel-la-street-food-market-con-una-gran-feria-gastronomica-y-un-mercado-de-diseno\\\/\"},\"wordCount\":134,\"commentCount\":0,\"publisher\":{\"@id\":\"https:\\\/\\\/costablancaup.com\\\/es\\\/#organization\"},\"image\":{\"@id\":\"https:\\\/\\\/costablancaup.com\\\/es\\\/vuelve-a-mutxamel-la-street-food-market-con-una-gran-feria-gastronomica-y-un-mercado-de-diseno\\\/#primaryimage\"},\"thumbnailUrl\":\"https:\\\/\\\/costablancaup.com\\\/wp-content\\\/uploads\\\/2019\\\/04\\\/streetfoodmarket-mutxamel2019.jpg\",\"keywords\":[\"Mutxamel\"],\"articleSection\":[\"Eventos culturales\"],\"inLanguage\":\"es\",\"potentialAction\":[{\"@type\":\"CommentAction\",\"name\":\"Comment\",\"target\":[\"https:\\\/\\\/costablancaup.com\\\/es\\\/vuelve-a-mutxamel-la-street-food-market-con-una-gran-feria-gastronomica-y-un-mercado-de-diseno\\\/#respond\"]}]},{\"@type\":\"WebPage\",\"@id\":\"https:\\\/\\\/costablancaup.com\\\/es\\\/vuelve-a-mutxamel-la-street-food-market-con-una-gran-feria-gastronomica-y-un-mercado-de-diseno\\\/\",\"url\":\"https:\\\/\\\/costablancaup.com\\\/es\\\/vuelve-a-mutxamel-la-street-food-market-con-una-gran-feria-gastronomica-y-un-mercado-de-diseno\\\/\",\"name\":\"COSTA BLANCA UP - Vuelve a Mutxamel la \\\"Street Food Market\\\", con una gran feria gastron\u00f3mica y un mercado de dise\u00f1o\",\"isPartOf\":{\"@id\":\"https:\\\/\\\/costablancaup.com\\\/es\\\/#website\"},\"primaryImageOfPage\":{\"@id\":\"https:\\\/\\\/costablancaup.com\\\/es\\\/vuelve-a-mutxamel-la-street-food-market-con-una-gran-feria-gastronomica-y-un-mercado-de-diseno\\\/#primaryimage\"},\"image\":{\"@id\":\"https:\\\/\\\/costablancaup.com\\\/es\\\/vuelve-a-mutxamel-la-street-food-market-con-una-gran-feria-gastronomica-y-un-mercado-de-diseno\\\/#primaryimage\"},\"thumbnailUrl\":\"https:\\\/\\\/costablancaup.com\\\/wp-content\\\/uploads\\\/2019\\\/04\\\/streetfoodmarket-mutxamel2019.jpg\",\"datePublished\":\"2019-04-03T07:01:28+00:00\",\"breadcrumb\":{\"@id\":\"https:\\\/\\\/costablancaup.com\\\/es\\\/vuelve-a-mutxamel-la-street-food-market-con-una-gran-feria-gastronomica-y-un-mercado-de-diseno\\\/#breadcrumb\"},\"inLanguage\":\"es\",\"potentialAction\":[{\"@type\":\"ReadAction\",\"target\":[\"https:\\\/\\\/costablancaup.com\\\/es\\\/vuelve-a-mutxamel-la-street-food-market-con-una-gran-feria-gastronomica-y-un-mercado-de-diseno\\\/\"]}]},{\"@type\":\"ImageObject\",\"inLanguage\":\"es\",\"@id\":\"https:\\\/\\\/costablancaup.com\\\/es\\\/vuelve-a-mutxamel-la-street-food-market-con-una-gran-feria-gastronomica-y-un-mercado-de-diseno\\\/#primaryimage\",\"url\":\"https:\\\/\\\/costablancaup.com\\\/wp-content\\\/uploads\\\/2019\\\/04\\\/streetfoodmarket-mutxamel2019.jpg\",\"contentUrl\":\"https:\\\/\\\/costablancaup.com\\\/wp-content\\\/uploads\\\/2019\\\/04\\\/streetfoodmarket-mutxamel2019.jpg\",\"width\":800,\"height\":318,\"caption\":\"Street Food Market Mutxamel 2019\"},{\"@type\":\"BreadcrumbList\",\"@id\":\"https:\\\/\\\/costablancaup.com\\\/es\\\/vuelve-a-mutxamel-la-street-food-market-con-una-gran-feria-gastronomica-y-un-mercado-de-diseno\\\/#breadcrumb\",\"itemListElement\":[{\"@type\":\"ListItem\",\"position\":1,\"name\":\"Home\",\"item\":\"https:\\\/\\\/costablancaup.com\\\/es\\\/\"},{\"@type\":\"ListItem\",\"position\":2,\"name\":\"Vuelve a Mutxamel la \u00abStreet Food Market\u00bb, con una gran feria gastron\u00f3mica y un mercado de dise\u00f1o\"}]},{\"@type\":\"WebSite\",\"@id\":\"https:\\\/\\\/costablancaup.com\\\/es\\\/#website\",\"url\":\"https:\\\/\\\/costablancaup.com\\\/es\\\/\",\"name\":\"COSTA BLANCA UP\",\"description\":\"Costa Blanca Events and Agenda\",\"publisher\":{\"@id\":\"https:\\\/\\\/costablancaup.com\\\/es\\\/#organization\"},\"potentialAction\":[{\"@type\":\"SearchAction\",\"target\":{\"@type\":\"EntryPoint\",\"urlTemplate\":\"https:\\\/\\\/costablancaup.com\\\/es\\\/?s={search_term_string}\"},\"query-input\":{\"@type\":\"PropertyValueSpecification\",\"valueRequired\":true,\"valueName\":\"search_term_string\"}}],\"inLanguage\":\"es\"},{\"@type\":\"Organization\",\"@id\":\"https:\\\/\\\/costablancaup.com\\\/es\\\/#organization\",\"name\":\"Costa Blanca Up\",\"url\":\"https:\\\/\\\/costablancaup.com\\\/es\\\/\",\"logo\":{\"@type\":\"ImageObject\",\"inLanguage\":\"es\",\"@id\":\"https:\\\/\\\/costablancaup.com\\\/es\\\/#\\\/schema\\\/logo\\\/image\\\/\",\"url\":\"https:\\\/\\\/costablancaup.com\\\/wp-content\\\/uploads\\\/2018\\\/07\\\/titulo_web-1.png\",\"contentUrl\":\"https:\\\/\\\/costablancaup.com\\\/wp-content\\\/uploads\\\/2018\\\/07\\\/titulo_web-1.png\",\"width\":1973,\"height\":303,\"caption\":\"Costa Blanca Up\"},\"image\":{\"@id\":\"https:\\\/\\\/costablancaup.com\\\/es\\\/#\\\/schema\\\/logo\\\/image\\\/\"}},{\"@type\":\"Person\",\"@id\":\"https:\\\/\\\/costablancaup.com\\\/es\\\/#\\\/schema\\\/person\\\/a4a0ee1ba74dae33c5d59d6279cd9489\",\"name\":\"jas_admin\",\"image\":{\"@type\":\"ImageObject\",\"inLanguage\":\"es\",\"@id\":\"https:\\\/\\\/secure.gravatar.com\\\/avatar\\\/d5a1282fae1020d8b4f7a1b95dac31c3c08f7dfd0a06b2ba5aa24fa117526f78?s=96&d=mm&r=g\",\"url\":\"https:\\\/\\\/secure.gravatar.com\\\/avatar\\\/d5a1282fae1020d8b4f7a1b95dac31c3c08f7dfd0a06b2ba5aa24fa117526f78?s=96&d=mm&r=g\",\"contentUrl\":\"https:\\\/\\\/secure.gravatar.com\\\/avatar\\\/d5a1282fae1020d8b4f7a1b95dac31c3c08f7dfd0a06b2ba5aa24fa117526f78?s=96&d=mm&r=g\",\"caption\":\"jas_admin\"}}]}<\/script>\n<!-- \/ Yoast SEO plugin. -->","yoast_head_json":{"title":"COSTA BLANCA UP - Vuelve a Mutxamel la \"Street Food Market\", con una gran feria gastron\u00f3mica y un mercado de dise\u00f1o","robots":{"index":"index","follow":"follow","max-snippet":"max-snippet:-1","max-image-preview":"max-image-preview:large","max-video-preview":"max-video-preview:-1"},"canonical":"https:\/\/costablancaup.com\/es\/vuelve-a-mutxamel-la-street-food-market-con-una-gran-feria-gastronomica-y-un-mercado-de-diseno\/","og_locale":"es_ES","og_type":"article","og_title":"COSTA BLANCA UP - Vuelve a Mutxamel la \"Street Food Market\", con una gran feria gastron\u00f3mica y un mercado de dise\u00f1o","og_description":"El evento que combina gastronom\u00eda, arte y entretenimiento, se desarrollar\u00e1 del 5 al 7 de abril en el Parque Canyar de les Portelles de Mutxamel (Alicante). La feria, de entrada gratuita, contar\u00e1 con doce caravanas vintage que pondr\u00e1n al alcance de todos sus propuestas culinarias. Paralelamente se instalar\u00e1 un mercado de dise\u00f1o que contar\u00e1 con 30 puestos de arte. Adem\u00e1s habr\u00e1 m\u00fasica en directo (The Liverpool Band, Dingolondango Swing y djs), bailes de lindy hop, actividades y talleres infantiles, y un mon\u00f3logo del conocido humorista Jos\u00e9 Corbacho. Comprar entradas Programa Horario Viernes: de 18:00 a 00:00 horas. S\u00e1bado: de 12:00 [&hellip;]","og_url":"https:\/\/costablancaup.com\/es\/vuelve-a-mutxamel-la-street-food-market-con-una-gran-feria-gastronomica-y-un-mercado-de-diseno\/","og_site_name":"COSTA BLANCA UP","article_published_time":"2019-04-03T07:01:28+00:00","og_image":[{"width":800,"height":318,"url":"https:\/\/costablancaup.com\/wp-content\/uploads\/2019\/04\/streetfoodmarket-mutxamel2019.jpg","type":"image\/jpeg"}],"author":"jas_admin","twitter_card":"summary_large_image","twitter_misc":{"Escrito por":"jas_admin","Tiempo de lectura":"1 minuto"},"schema":{"@context":"https:\/\/schema.org","@graph":[{"@type":"Article","@id":"https:\/\/costablancaup.com\/es\/vuelve-a-mutxamel-la-street-food-market-con-una-gran-feria-gastronomica-y-un-mercado-de-diseno\/#article","isPartOf":{"@id":"https:\/\/costablancaup.com\/es\/vuelve-a-mutxamel-la-street-food-market-con-una-gran-feria-gastronomica-y-un-mercado-de-diseno\/"},"author":{"name":"jas_admin","@id":"https:\/\/costablancaup.com\/es\/#\/schema\/person\/a4a0ee1ba74dae33c5d59d6279cd9489"},"headline":"Vuelve a Mutxamel la \u00abStreet Food Market\u00bb, con una gran feria gastron\u00f3mica y un mercado de dise\u00f1o","datePublished":"2019-04-03T07:01:28+00:00","mainEntityOfPage":{"@id":"https:\/\/costablancaup.com\/es\/vuelve-a-mutxamel-la-street-food-market-con-una-gran-feria-gastronomica-y-un-mercado-de-diseno\/"},"wordCount":134,"commentCount":0,"publisher":{"@id":"https:\/\/costablancaup.com\/es\/#organization"},"image":{"@id":"https:\/\/costablancaup.com\/es\/vuelve-a-mutxamel-la-street-food-market-con-una-gran-feria-gastronomica-y-un-mercado-de-diseno\/#primaryimage"},"thumbnailUrl":"https:\/\/costablancaup.com\/wp-content\/uploads\/2019\/04\/streetfoodmarket-mutxamel2019.jpg","keywords":["Mutxamel"],"articleSection":["Eventos culturales"],"inLanguage":"es","potentialAction":[{"@type":"CommentAction","name":"Comment","target":["https:\/\/costablancaup.com\/es\/vuelve-a-mutxamel-la-street-food-market-con-una-gran-feria-gastronomica-y-un-mercado-de-diseno\/#respond"]}]},{"@type":"WebPage","@id":"https:\/\/costablancaup.com\/es\/vuelve-a-mutxamel-la-street-food-market-con-una-gran-feria-gastronomica-y-un-mercado-de-diseno\/","url":"https:\/\/costablancaup.com\/es\/vuelve-a-mutxamel-la-street-food-market-con-una-gran-feria-gastronomica-y-un-mercado-de-diseno\/","name":"COSTA BLANCA UP - Vuelve a Mutxamel la \"Street Food Market\", con una gran feria gastron\u00f3mica y un mercado de dise\u00f1o","isPartOf":{"@id":"https:\/\/costablancaup.com\/es\/#website"},"primaryImageOfPage":{"@id":"https:\/\/costablancaup.com\/es\/vuelve-a-mutxamel-la-street-food-market-con-una-gran-feria-gastronomica-y-un-mercado-de-diseno\/#primaryimage"},"image":{"@id":"https:\/\/costablancaup.com\/es\/vuelve-a-mutxamel-la-street-food-market-con-una-gran-feria-gastronomica-y-un-mercado-de-diseno\/#primaryimage"},"thumbnailUrl":"https:\/\/costablancaup.com\/wp-content\/uploads\/2019\/04\/streetfoodmarket-mutxamel2019.jpg","datePublished":"2019-04-03T07:01:28+00:00","breadcrumb":{"@id":"https:\/\/costablancaup.com\/es\/vuelve-a-mutxamel-la-street-food-market-con-una-gran-feria-gastronomica-y-un-mercado-de-diseno\/#breadcrumb"},"inLanguage":"es","potentialAction":[{"@type":"ReadAction","target":["https:\/\/costablancaup.com\/es\/vuelve-a-mutxamel-la-street-food-market-con-una-gran-feria-gastronomica-y-un-mercado-de-diseno\/"]}]},{"@type":"ImageObject","inLanguage":"es","@id":"https:\/\/costablancaup.com\/es\/vuelve-a-mutxamel-la-street-food-market-con-una-gran-feria-gastronomica-y-un-mercado-de-diseno\/#primaryimage","url":"https:\/\/costablancaup.com\/wp-content\/uploads\/2019\/04\/streetfoodmarket-mutxamel2019.jpg","contentUrl":"https:\/\/costablancaup.com\/wp-content\/uploads\/2019\/04\/streetfoodmarket-mutxamel2019.jpg","width":800,"height":318,"caption":"Street Food Market Mutxamel 2019"},{"@type":"BreadcrumbList","@id":"https:\/\/costablancaup.com\/es\/vuelve-a-mutxamel-la-street-food-market-con-una-gran-feria-gastronomica-y-un-mercado-de-diseno\/#breadcrumb","itemListElement":[{"@type":"ListItem","position":1,"name":"Home","item":"https:\/\/costablancaup.com\/es\/"},{"@type":"ListItem","position":2,"name":"Vuelve a Mutxamel la \u00abStreet Food Market\u00bb, con una gran feria gastron\u00f3mica y un mercado de dise\u00f1o"}]},{"@type":"WebSite","@id":"https:\/\/costablancaup.com\/es\/#website","url":"https:\/\/costablancaup.com\/es\/","name":"COSTA BLANCA UP","description":"Costa Blanca Events and Agenda","publisher":{"@id":"https:\/\/costablancaup.com\/es\/#organization"},"potentialAction":[{"@type":"SearchAction","target":{"@type":"EntryPoint","urlTemplate":"https:\/\/costablancaup.com\/es\/?s={search_term_string}"},"query-input":{"@type":"PropertyValueSpecification","valueRequired":true,"valueName":"search_term_string"}}],"inLanguage":"es"},{"@type":"Organization","@id":"https:\/\/costablancaup.com\/es\/#organization","name":"Costa Blanca Up","url":"https:\/\/costablancaup.com\/es\/","logo":{"@type":"ImageObject","inLanguage":"es","@id":"https:\/\/costablancaup.com\/es\/#\/schema\/logo\/image\/","url":"https:\/\/costablancaup.com\/wp-content\/uploads\/2018\/07\/titulo_web-1.png","contentUrl":"https:\/\/costablancaup.com\/wp-content\/uploads\/2018\/07\/titulo_web-1.png","width":1973,"height":303,"caption":"Costa Blanca Up"},"image":{"@id":"https:\/\/costablancaup.com\/es\/#\/schema\/logo\/image\/"}},{"@type":"Person","@id":"https:\/\/costablancaup.com\/es\/#\/schema\/person\/a4a0ee1ba74dae33c5d59d6279cd9489","name":"jas_admin","image":{"@type":"ImageObject","inLanguage":"es","@id":"https:\/\/secure.gravatar.com\/avatar\/d5a1282fae1020d8b4f7a1b95dac31c3c08f7dfd0a06b2ba5aa24fa117526f78?s=96&d=mm&r=g","url":"https:\/\/secure.gravatar.com\/avatar\/d5a1282fae1020d8b4f7a1b95dac31c3c08f7dfd0a06b2ba5aa24fa117526f78?s=96&d=mm&r=g","contentUrl":"https:\/\/secure.gravatar.com\/avatar\/d5a1282fae1020d8b4f7a1b95dac31c3c08f7dfd0a06b2ba5aa24fa117526f78?s=96&d=mm&r=g","caption":"jas_admin"}}]}},"_links":{"self":[{"href":"https:\/\/costablancaup.com\/es\/wp-json\/wp\/v2\/posts\/28729","targetHints":{"allow":["GET"]}}],"collection":[{"href":"https:\/\/costablancaup.com\/es\/wp-json\/wp\/v2\/posts"}],"about":[{"href":"https:\/\/costablancaup.com\/es\/wp-json\/wp\/v2\/types\/post"}],"author":[{"embeddable":true,"href":"https:\/\/costablancaup.com\/es\/wp-json\/wp\/v2\/users\/1"}],"replies":[{"embeddable":true,"href":"https:\/\/costablancaup.com\/es\/wp-json\/wp\/v2\/comments?post=28729"}],"version-history":[{"count":4,"href":"https:\/\/costablancaup.com\/es\/wp-json\/wp\/v2\/posts\/28729\/revisions"}],"predecessor-version":[{"id":28740,"href":"https:\/\/costablancaup.com\/es\/wp-json\/wp\/v2\/posts\/28729\/revisions\/28740"}],"wp:featuredmedia":[{"embeddable":true,"href":"https:\/\/costablancaup.com\/es\/wp-json\/wp\/v2\/media\/28734"}],"wp:attachment":[{"href":"https:\/\/costablancaup.com\/es\/wp-json\/wp\/v2\/media?parent=28729"}],"wp:term":[{"taxonomy":"category","embeddable":true,"href":"https:\/\/costablancaup.com\/es\/wp-json\/wp\/v2\/categories?post=28729"},{"taxonomy":"post_tag","embeddable":true,"href":"https:\/\/costablancaup.com\/es\/wp-json\/wp\/v2\/tags?post=28729"}],"curies":[{"name":"wp","href":"https:\/\/api.w.org\/{rel}","templated":true}]}}