{"id":29233,"date":"2019-04-21T08:00:44","date_gmt":"2019-04-21T06:00:44","guid":{"rendered":"https:\/\/costablancaup.com\/?p=29233"},"modified":"2019-04-17T16:29:13","modified_gmt":"2019-04-17T14:29:13","slug":"llega-a-alicante-el-mejor-padel-mundial-con-el-estrella-damm-alicante-open-2019","status":"publish","type":"post","link":"https:\/\/costablancaup.com\/es\/llega-a-alicante-el-mejor-padel-mundial-con-el-estrella-damm-alicante-open-2019\/","title":{"rendered":"Llega a Alicante el mejor p\u00e1del mundial con el \u00abEstrella Damm Alicante Open 2019\u00bb"},"content":{"rendered":"<p><img loading=\"lazy\" decoding=\"async\" src=\"https:\/\/costablancaup.com\/wp-content\/uploads\/2019\/04\/world-padel-tour-2019.jpg\" alt=\"World Padel Tour 2019\" width=\"800\" height=\"457\" class=\"aligncenter size-full wp-image-29234\" srcset=\"https:\/\/costablancaup.com\/wp-content\/uploads\/2019\/04\/world-padel-tour-2019.jpg 800w, https:\/\/costablancaup.com\/wp-content\/uploads\/2019\/04\/world-padel-tour-2019-300x171.jpg 300w, https:\/\/costablancaup.com\/wp-content\/uploads\/2019\/04\/world-padel-tour-2019-768x439.jpg 768w, https:\/\/costablancaup.com\/wp-content\/uploads\/2019\/04\/world-padel-tour-2019-400x229.jpg 400w\" sizes=\"auto, (max-width: 800px) 100vw, 800px\" \/><br \/>\n<\/p>\n<div class=\"piefoto\">Por worldpadeltour.com<\/div>\n<p><\/p>\n<h2>El torneo tendr\u00e1 lugar del 23 al 28 de abril en el Pabell\u00f3n Pedro Ferr\u00e1ndiz de Alicante.<\/h2>\n<p>Vive en primera persona el espect\u00e1culo del p\u00e1del con el \u00abWorld Padel Tour\u00bb, un circuito que trae a la Costa Blanca su tercer torneo del a\u00f1o y en el que participar\u00e1n los maestros y maestras del p\u00e1del mundial.<\/p>\n<p class=\"tickets\"><a target=\"_blank\" title=\"Comprar entradas\" href=\"https:\/\/tickets.worldpadeltour.com\/ficha-evento\/-\/view\/125139\/estrella-damm-alicante-open\" rel=\"noopener noreferrer\">Comprar entradas<\/a><\/p>\n<h3>Localizaci\u00f3n<\/h3>\n\r\n            \r\n            \r\n            \r\n            <a name='map183'><\/a>\r\n            \r\n            \r\n            \r\n            \r\n            <div class=\"wpgmza_map \"  id=\"wpgmza_map_183\" style=\"display:block; overflow:auto; width:100%; height:400px; float:left;\" data-settings='{\"id\":\"183\",\"map_title\":\"Pabell\\u00f3n Pedro Ferr\\u00e1ndiz (Alicante)\",\"map_width\":\"100\",\"map_height\":\"400\",\"map_start_lat\":\"38.351853\",\"map_start_lng\":\"-0.490096\",\"map_start_location\":\"38.35185301032706,-0.490095616434163\",\"map_start_zoom\":\"15\",\"default_marker\":\"0\",\"type\":\"1\",\"alignment\":\"1\",\"directions_enabled\":\"0\",\"styling_enabled\":\"0\",\"styling_json\":\"\",\"active\":\"0\",\"kml\":\"\",\"bicycle\":\"0\",\"traffic\":\"0\",\"dbox\":\"1\",\"dbox_width\":\"100\",\"listmarkers\":\"0\",\"listmarkers_advanced\":\"0\",\"filterbycat\":\"0\",\"ugm_enabled\":\"0\",\"ugm_category_enabled\":\"0\",\"fusion\":\"\",\"map_width_type\":\"\\\\%\",\"map_height_type\":\"px\",\"mass_marker_support\":\"0\",\"ugm_access\":\"0\",\"order_markers_by\":\"1\",\"order_markers_choice\":\"2\",\"show_user_location\":\"2\",\"default_to\":\"\",\"other_settings\":{\"wpgmza_store_locator_restrict\":\"\",\"wpgmza_sl_animation\":\"1\",\"store_locator_query_string\":\"ZIP \\\/ Address:\",\"store_locator_name_string\":\"Title \\\/ Description:\",\"store_locator_default_address\":\"\",\"wpgmza_dbox_width_type\":\"%\",\"map_max_zoom\":\"3\",\"map_min_zoom\":\"21\",\"sl_stroke_color\":\"FF0000\",\"sl_stroke_opacity\":\"0.25\",\"sl_fill_color\":\"FF0000\",\"sl_fill_opacity\":\"0.15\",\"click_open_link\":2,\"transport_layer\":0,\"iw_primary_color\":\"2A3744\",\"iw_accent_color\":\"252F3A\",\"iw_text_color\":\"FFFFFF\",\"wpgmza_iw_type\":\"0\",\"list_markers_by\":\"0\",\"push_in_map\":\"\",\"push_in_map_placement\":\"9\",\"wpgmza_push_in_map_width\":\"\",\"wpgmza_push_in_map_height\":\"\",\"wpgmza_theme_data\":\"\",\"upload_default_ul_marker\":\"\",\"upload_default_sl_marker\":\"\",\"shortcodeAttributes\":{\"id\":\"183\"}}}' data-map-id='183' data-shortcode-attributes='{\"id\":\"183\"}'> <\/div>\r\n            \r\n               \r\n        \n","protected":false},"excerpt":{"rendered":"<p>El torneo tendr\u00e1 lugar del 23 al 28 de abril en el Pabell\u00f3n Pedro Ferr\u00e1ndiz de Alicante. Vive en primera persona el espect\u00e1culo del p\u00e1del con el \u00abWorld Padel Tour\u00bb, un circuito que trae a la Costa Blanca su tercer torneo del a\u00f1o y en el que participar\u00e1n los maestros y maestras del p\u00e1del mundial. Comprar entradas Localizaci\u00f3n<\/p>\n","protected":false},"author":1,"featured_media":29234,"comment_status":"open","ping_status":"closed","sticky":false,"template":"","format":"standard","meta":{"footnotes":""},"categories":[5020],"tags":[5070],"class_list":["post-29233","post","type-post","status-publish","format-standard","has-post-thumbnail","hentry","category-deportes-eventos","tag-alicante-es"],"yoast_head":"<!-- This site is optimized with the Yoast SEO plugin v27.4 - https:\/\/yoast.com\/product\/yoast-seo-wordpress\/ -->\n<title>COSTA BLANCA UP - Llega a Alicante el mejor p\u00e1del mundial con el &quot;Estrella Damm Alicante Open 2019&quot;<\/title>\n<meta name=\"robots\" content=\"index, follow, max-snippet:-1, max-image-preview:large, max-video-preview:-1\" \/>\n<link rel=\"canonical\" href=\"https:\/\/costablancaup.com\/es\/llega-a-alicante-el-mejor-padel-mundial-con-el-estrella-damm-alicante-open-2019\/\" \/>\n<meta property=\"og:locale\" content=\"es_ES\" \/>\n<meta property=\"og:type\" content=\"article\" \/>\n<meta property=\"og:title\" content=\"COSTA BLANCA UP - Llega a Alicante el mejor p\u00e1del mundial con el &quot;Estrella Damm Alicante Open 2019&quot;\" \/>\n<meta property=\"og:description\" content=\"El torneo tendr\u00e1 lugar del 23 al 28 de abril en el Pabell\u00f3n Pedro Ferr\u00e1ndiz de Alicante. Vive en primera persona el espect\u00e1culo del p\u00e1del con el \u00abWorld Padel Tour\u00bb, un circuito que trae a la Costa Blanca su tercer torneo del a\u00f1o y en el que participar\u00e1n los maestros y maestras del p\u00e1del mundial. Comprar entradas Localizaci\u00f3n\" \/>\n<meta property=\"og:url\" content=\"https:\/\/costablancaup.com\/es\/llega-a-alicante-el-mejor-padel-mundial-con-el-estrella-damm-alicante-open-2019\/\" \/>\n<meta property=\"og:site_name\" content=\"COSTA BLANCA UP\" \/>\n<meta property=\"article:published_time\" content=\"2019-04-21T06:00:44+00:00\" \/>\n<meta property=\"og:image\" content=\"https:\/\/costablancaup.com\/wp-content\/uploads\/2019\/04\/world-padel-tour-2019.jpg\" \/>\n\t<meta property=\"og:image:width\" content=\"800\" \/>\n\t<meta property=\"og:image:height\" content=\"457\" \/>\n\t<meta property=\"og:image:type\" content=\"image\/jpeg\" \/>\n<meta name=\"author\" content=\"jas_admin\" \/>\n<meta name=\"twitter:card\" content=\"summary_large_image\" \/>\n<meta name=\"twitter:label1\" content=\"Escrito por\" \/>\n\t<meta name=\"twitter:data1\" content=\"jas_admin\" \/>\n<script type=\"application\/ld+json\" class=\"yoast-schema-graph\">{\"@context\":\"https:\\\/\\\/schema.org\",\"@graph\":[{\"@type\":\"Article\",\"@id\":\"https:\\\/\\\/costablancaup.com\\\/es\\\/llega-a-alicante-el-mejor-padel-mundial-con-el-estrella-damm-alicante-open-2019\\\/#article\",\"isPartOf\":{\"@id\":\"https:\\\/\\\/costablancaup.com\\\/es\\\/llega-a-alicante-el-mejor-padel-mundial-con-el-estrella-damm-alicante-open-2019\\\/\"},\"author\":{\"name\":\"jas_admin\",\"@id\":\"https:\\\/\\\/costablancaup.com\\\/es\\\/#\\\/schema\\\/person\\\/a4a0ee1ba74dae33c5d59d6279cd9489\"},\"headline\":\"Llega a Alicante el mejor p\u00e1del mundial con el \u00abEstrella Damm Alicante Open 2019\u00bb\",\"datePublished\":\"2019-04-21T06:00:44+00:00\",\"mainEntityOfPage\":{\"@id\":\"https:\\\/\\\/costablancaup.com\\\/es\\\/llega-a-alicante-el-mejor-padel-mundial-con-el-estrella-damm-alicante-open-2019\\\/\"},\"wordCount\":85,\"commentCount\":0,\"publisher\":{\"@id\":\"https:\\\/\\\/costablancaup.com\\\/es\\\/#organization\"},\"image\":{\"@id\":\"https:\\\/\\\/costablancaup.com\\\/es\\\/llega-a-alicante-el-mejor-padel-mundial-con-el-estrella-damm-alicante-open-2019\\\/#primaryimage\"},\"thumbnailUrl\":\"https:\\\/\\\/costablancaup.com\\\/wp-content\\\/uploads\\\/2019\\\/04\\\/world-padel-tour-2019.jpg\",\"keywords\":[\"Alicante\"],\"articleSection\":[\"Eventos deportivos\"],\"inLanguage\":\"es\",\"potentialAction\":[{\"@type\":\"CommentAction\",\"name\":\"Comment\",\"target\":[\"https:\\\/\\\/costablancaup.com\\\/es\\\/llega-a-alicante-el-mejor-padel-mundial-con-el-estrella-damm-alicante-open-2019\\\/#respond\"]}]},{\"@type\":\"WebPage\",\"@id\":\"https:\\\/\\\/costablancaup.com\\\/es\\\/llega-a-alicante-el-mejor-padel-mundial-con-el-estrella-damm-alicante-open-2019\\\/\",\"url\":\"https:\\\/\\\/costablancaup.com\\\/es\\\/llega-a-alicante-el-mejor-padel-mundial-con-el-estrella-damm-alicante-open-2019\\\/\",\"name\":\"COSTA BLANCA UP - Llega a Alicante el mejor p\u00e1del mundial con el \\\"Estrella Damm Alicante Open 2019\\\"\",\"isPartOf\":{\"@id\":\"https:\\\/\\\/costablancaup.com\\\/es\\\/#website\"},\"primaryImageOfPage\":{\"@id\":\"https:\\\/\\\/costablancaup.com\\\/es\\\/llega-a-alicante-el-mejor-padel-mundial-con-el-estrella-damm-alicante-open-2019\\\/#primaryimage\"},\"image\":{\"@id\":\"https:\\\/\\\/costablancaup.com\\\/es\\\/llega-a-alicante-el-mejor-padel-mundial-con-el-estrella-damm-alicante-open-2019\\\/#primaryimage\"},\"thumbnailUrl\":\"https:\\\/\\\/costablancaup.com\\\/wp-content\\\/uploads\\\/2019\\\/04\\\/world-padel-tour-2019.jpg\",\"datePublished\":\"2019-04-21T06:00:44+00:00\",\"breadcrumb\":{\"@id\":\"https:\\\/\\\/costablancaup.com\\\/es\\\/llega-a-alicante-el-mejor-padel-mundial-con-el-estrella-damm-alicante-open-2019\\\/#breadcrumb\"},\"inLanguage\":\"es\",\"potentialAction\":[{\"@type\":\"ReadAction\",\"target\":[\"https:\\\/\\\/costablancaup.com\\\/es\\\/llega-a-alicante-el-mejor-padel-mundial-con-el-estrella-damm-alicante-open-2019\\\/\"]}]},{\"@type\":\"ImageObject\",\"inLanguage\":\"es\",\"@id\":\"https:\\\/\\\/costablancaup.com\\\/es\\\/llega-a-alicante-el-mejor-padel-mundial-con-el-estrella-damm-alicante-open-2019\\\/#primaryimage\",\"url\":\"https:\\\/\\\/costablancaup.com\\\/wp-content\\\/uploads\\\/2019\\\/04\\\/world-padel-tour-2019.jpg\",\"contentUrl\":\"https:\\\/\\\/costablancaup.com\\\/wp-content\\\/uploads\\\/2019\\\/04\\\/world-padel-tour-2019.jpg\",\"width\":800,\"height\":457,\"caption\":\"World Padel Tour 2019\"},{\"@type\":\"BreadcrumbList\",\"@id\":\"https:\\\/\\\/costablancaup.com\\\/es\\\/llega-a-alicante-el-mejor-padel-mundial-con-el-estrella-damm-alicante-open-2019\\\/#breadcrumb\",\"itemListElement\":[{\"@type\":\"ListItem\",\"position\":1,\"name\":\"Home\",\"item\":\"https:\\\/\\\/costablancaup.com\\\/es\\\/\"},{\"@type\":\"ListItem\",\"position\":2,\"name\":\"Llega a Alicante el mejor p\u00e1del mundial con el \u00abEstrella Damm Alicante Open 2019\u00bb\"}]},{\"@type\":\"WebSite\",\"@id\":\"https:\\\/\\\/costablancaup.com\\\/es\\\/#website\",\"url\":\"https:\\\/\\\/costablancaup.com\\\/es\\\/\",\"name\":\"COSTA BLANCA UP\",\"description\":\"Costa Blanca Events and Agenda\",\"publisher\":{\"@id\":\"https:\\\/\\\/costablancaup.com\\\/es\\\/#organization\"},\"potentialAction\":[{\"@type\":\"SearchAction\",\"target\":{\"@type\":\"EntryPoint\",\"urlTemplate\":\"https:\\\/\\\/costablancaup.com\\\/es\\\/?s={search_term_string}\"},\"query-input\":{\"@type\":\"PropertyValueSpecification\",\"valueRequired\":true,\"valueName\":\"search_term_string\"}}],\"inLanguage\":\"es\"},{\"@type\":\"Organization\",\"@id\":\"https:\\\/\\\/costablancaup.com\\\/es\\\/#organization\",\"name\":\"Costa Blanca Up\",\"url\":\"https:\\\/\\\/costablancaup.com\\\/es\\\/\",\"logo\":{\"@type\":\"ImageObject\",\"inLanguage\":\"es\",\"@id\":\"https:\\\/\\\/costablancaup.com\\\/es\\\/#\\\/schema\\\/logo\\\/image\\\/\",\"url\":\"https:\\\/\\\/costablancaup.com\\\/wp-content\\\/uploads\\\/2018\\\/07\\\/titulo_web-1.png\",\"contentUrl\":\"https:\\\/\\\/costablancaup.com\\\/wp-content\\\/uploads\\\/2018\\\/07\\\/titulo_web-1.png\",\"width\":1973,\"height\":303,\"caption\":\"Costa Blanca Up\"},\"image\":{\"@id\":\"https:\\\/\\\/costablancaup.com\\\/es\\\/#\\\/schema\\\/logo\\\/image\\\/\"}},{\"@type\":\"Person\",\"@id\":\"https:\\\/\\\/costablancaup.com\\\/es\\\/#\\\/schema\\\/person\\\/a4a0ee1ba74dae33c5d59d6279cd9489\",\"name\":\"jas_admin\",\"image\":{\"@type\":\"ImageObject\",\"inLanguage\":\"es\",\"@id\":\"https:\\\/\\\/secure.gravatar.com\\\/avatar\\\/d5a1282fae1020d8b4f7a1b95dac31c3c08f7dfd0a06b2ba5aa24fa117526f78?s=96&d=mm&r=g\",\"url\":\"https:\\\/\\\/secure.gravatar.com\\\/avatar\\\/d5a1282fae1020d8b4f7a1b95dac31c3c08f7dfd0a06b2ba5aa24fa117526f78?s=96&d=mm&r=g\",\"contentUrl\":\"https:\\\/\\\/secure.gravatar.com\\\/avatar\\\/d5a1282fae1020d8b4f7a1b95dac31c3c08f7dfd0a06b2ba5aa24fa117526f78?s=96&d=mm&r=g\",\"caption\":\"jas_admin\"}}]}<\/script>\n<!-- \/ Yoast SEO plugin. -->","yoast_head_json":{"title":"COSTA BLANCA UP - Llega a Alicante el mejor p\u00e1del mundial con el \"Estrella Damm Alicante Open 2019\"","robots":{"index":"index","follow":"follow","max-snippet":"max-snippet:-1","max-image-preview":"max-image-preview:large","max-video-preview":"max-video-preview:-1"},"canonical":"https:\/\/costablancaup.com\/es\/llega-a-alicante-el-mejor-padel-mundial-con-el-estrella-damm-alicante-open-2019\/","og_locale":"es_ES","og_type":"article","og_title":"COSTA BLANCA UP - Llega a Alicante el mejor p\u00e1del mundial con el \"Estrella Damm Alicante Open 2019\"","og_description":"El torneo tendr\u00e1 lugar del 23 al 28 de abril en el Pabell\u00f3n Pedro Ferr\u00e1ndiz de Alicante. Vive en primera persona el espect\u00e1culo del p\u00e1del con el \u00abWorld Padel Tour\u00bb, un circuito que trae a la Costa Blanca su tercer torneo del a\u00f1o y en el que participar\u00e1n los maestros y maestras del p\u00e1del mundial. Comprar entradas Localizaci\u00f3n","og_url":"https:\/\/costablancaup.com\/es\/llega-a-alicante-el-mejor-padel-mundial-con-el-estrella-damm-alicante-open-2019\/","og_site_name":"COSTA BLANCA UP","article_published_time":"2019-04-21T06:00:44+00:00","og_image":[{"width":800,"height":457,"url":"https:\/\/costablancaup.com\/wp-content\/uploads\/2019\/04\/world-padel-tour-2019.jpg","type":"image\/jpeg"}],"author":"jas_admin","twitter_card":"summary_large_image","twitter_misc":{"Escrito por":"jas_admin"},"schema":{"@context":"https:\/\/schema.org","@graph":[{"@type":"Article","@id":"https:\/\/costablancaup.com\/es\/llega-a-alicante-el-mejor-padel-mundial-con-el-estrella-damm-alicante-open-2019\/#article","isPartOf":{"@id":"https:\/\/costablancaup.com\/es\/llega-a-alicante-el-mejor-padel-mundial-con-el-estrella-damm-alicante-open-2019\/"},"author":{"name":"jas_admin","@id":"https:\/\/costablancaup.com\/es\/#\/schema\/person\/a4a0ee1ba74dae33c5d59d6279cd9489"},"headline":"Llega a Alicante el mejor p\u00e1del mundial con el \u00abEstrella Damm Alicante Open 2019\u00bb","datePublished":"2019-04-21T06:00:44+00:00","mainEntityOfPage":{"@id":"https:\/\/costablancaup.com\/es\/llega-a-alicante-el-mejor-padel-mundial-con-el-estrella-damm-alicante-open-2019\/"},"wordCount":85,"commentCount":0,"publisher":{"@id":"https:\/\/costablancaup.com\/es\/#organization"},"image":{"@id":"https:\/\/costablancaup.com\/es\/llega-a-alicante-el-mejor-padel-mundial-con-el-estrella-damm-alicante-open-2019\/#primaryimage"},"thumbnailUrl":"https:\/\/costablancaup.com\/wp-content\/uploads\/2019\/04\/world-padel-tour-2019.jpg","keywords":["Alicante"],"articleSection":["Eventos deportivos"],"inLanguage":"es","potentialAction":[{"@type":"CommentAction","name":"Comment","target":["https:\/\/costablancaup.com\/es\/llega-a-alicante-el-mejor-padel-mundial-con-el-estrella-damm-alicante-open-2019\/#respond"]}]},{"@type":"WebPage","@id":"https:\/\/costablancaup.com\/es\/llega-a-alicante-el-mejor-padel-mundial-con-el-estrella-damm-alicante-open-2019\/","url":"https:\/\/costablancaup.com\/es\/llega-a-alicante-el-mejor-padel-mundial-con-el-estrella-damm-alicante-open-2019\/","name":"COSTA BLANCA UP - Llega a Alicante el mejor p\u00e1del mundial con el \"Estrella Damm Alicante Open 2019\"","isPartOf":{"@id":"https:\/\/costablancaup.com\/es\/#website"},"primaryImageOfPage":{"@id":"https:\/\/costablancaup.com\/es\/llega-a-alicante-el-mejor-padel-mundial-con-el-estrella-damm-alicante-open-2019\/#primaryimage"},"image":{"@id":"https:\/\/costablancaup.com\/es\/llega-a-alicante-el-mejor-padel-mundial-con-el-estrella-damm-alicante-open-2019\/#primaryimage"},"thumbnailUrl":"https:\/\/costablancaup.com\/wp-content\/uploads\/2019\/04\/world-padel-tour-2019.jpg","datePublished":"2019-04-21T06:00:44+00:00","breadcrumb":{"@id":"https:\/\/costablancaup.com\/es\/llega-a-alicante-el-mejor-padel-mundial-con-el-estrella-damm-alicante-open-2019\/#breadcrumb"},"inLanguage":"es","potentialAction":[{"@type":"ReadAction","target":["https:\/\/costablancaup.com\/es\/llega-a-alicante-el-mejor-padel-mundial-con-el-estrella-damm-alicante-open-2019\/"]}]},{"@type":"ImageObject","inLanguage":"es","@id":"https:\/\/costablancaup.com\/es\/llega-a-alicante-el-mejor-padel-mundial-con-el-estrella-damm-alicante-open-2019\/#primaryimage","url":"https:\/\/costablancaup.com\/wp-content\/uploads\/2019\/04\/world-padel-tour-2019.jpg","contentUrl":"https:\/\/costablancaup.com\/wp-content\/uploads\/2019\/04\/world-padel-tour-2019.jpg","width":800,"height":457,"caption":"World Padel Tour 2019"},{"@type":"BreadcrumbList","@id":"https:\/\/costablancaup.com\/es\/llega-a-alicante-el-mejor-padel-mundial-con-el-estrella-damm-alicante-open-2019\/#breadcrumb","itemListElement":[{"@type":"ListItem","position":1,"name":"Home","item":"https:\/\/costablancaup.com\/es\/"},{"@type":"ListItem","position":2,"name":"Llega a Alicante el mejor p\u00e1del mundial con el \u00abEstrella Damm Alicante Open 2019\u00bb"}]},{"@type":"WebSite","@id":"https:\/\/costablancaup.com\/es\/#website","url":"https:\/\/costablancaup.com\/es\/","name":"COSTA BLANCA UP","description":"Costa Blanca Events and Agenda","publisher":{"@id":"https:\/\/costablancaup.com\/es\/#organization"},"potentialAction":[{"@type":"SearchAction","target":{"@type":"EntryPoint","urlTemplate":"https:\/\/costablancaup.com\/es\/?s={search_term_string}"},"query-input":{"@type":"PropertyValueSpecification","valueRequired":true,"valueName":"search_term_string"}}],"inLanguage":"es"},{"@type":"Organization","@id":"https:\/\/costablancaup.com\/es\/#organization","name":"Costa Blanca Up","url":"https:\/\/costablancaup.com\/es\/","logo":{"@type":"ImageObject","inLanguage":"es","@id":"https:\/\/costablancaup.com\/es\/#\/schema\/logo\/image\/","url":"https:\/\/costablancaup.com\/wp-content\/uploads\/2018\/07\/titulo_web-1.png","contentUrl":"https:\/\/costablancaup.com\/wp-content\/uploads\/2018\/07\/titulo_web-1.png","width":1973,"height":303,"caption":"Costa Blanca Up"},"image":{"@id":"https:\/\/costablancaup.com\/es\/#\/schema\/logo\/image\/"}},{"@type":"Person","@id":"https:\/\/costablancaup.com\/es\/#\/schema\/person\/a4a0ee1ba74dae33c5d59d6279cd9489","name":"jas_admin","image":{"@type":"ImageObject","inLanguage":"es","@id":"https:\/\/secure.gravatar.com\/avatar\/d5a1282fae1020d8b4f7a1b95dac31c3c08f7dfd0a06b2ba5aa24fa117526f78?s=96&d=mm&r=g","url":"https:\/\/secure.gravatar.com\/avatar\/d5a1282fae1020d8b4f7a1b95dac31c3c08f7dfd0a06b2ba5aa24fa117526f78?s=96&d=mm&r=g","contentUrl":"https:\/\/secure.gravatar.com\/avatar\/d5a1282fae1020d8b4f7a1b95dac31c3c08f7dfd0a06b2ba5aa24fa117526f78?s=96&d=mm&r=g","caption":"jas_admin"}}]}},"_links":{"self":[{"href":"https:\/\/costablancaup.com\/es\/wp-json\/wp\/v2\/posts\/29233","targetHints":{"allow":["GET"]}}],"collection":[{"href":"https:\/\/costablancaup.com\/es\/wp-json\/wp\/v2\/posts"}],"about":[{"href":"https:\/\/costablancaup.com\/es\/wp-json\/wp\/v2\/types\/post"}],"author":[{"embeddable":true,"href":"https:\/\/costablancaup.com\/es\/wp-json\/wp\/v2\/users\/1"}],"replies":[{"embeddable":true,"href":"https:\/\/costablancaup.com\/es\/wp-json\/wp\/v2\/comments?post=29233"}],"version-history":[{"count":2,"href":"https:\/\/costablancaup.com\/es\/wp-json\/wp\/v2\/posts\/29233\/revisions"}],"predecessor-version":[{"id":29238,"href":"https:\/\/costablancaup.com\/es\/wp-json\/wp\/v2\/posts\/29233\/revisions\/29238"}],"wp:featuredmedia":[{"embeddable":true,"href":"https:\/\/costablancaup.com\/es\/wp-json\/wp\/v2\/media\/29234"}],"wp:attachment":[{"href":"https:\/\/costablancaup.com\/es\/wp-json\/wp\/v2\/media?parent=29233"}],"wp:term":[{"taxonomy":"category","embeddable":true,"href":"https:\/\/costablancaup.com\/es\/wp-json\/wp\/v2\/categories?post=29233"},{"taxonomy":"post_tag","embeddable":true,"href":"https:\/\/costablancaup.com\/es\/wp-json\/wp\/v2\/tags?post=29233"}],"curies":[{"name":"wp","href":"https:\/\/api.w.org\/{rel}","templated":true}]}}