{"id":29639,"date":"2019-04-30T09:23:15","date_gmt":"2019-04-30T07:23:15","guid":{"rendered":"https:\/\/costablancaup.com\/?p=29639"},"modified":"2019-04-30T09:23:15","modified_gmt":"2019-04-30T07:23:15","slug":"disfruta-de-la-gastronomia-de-benidorm-con-las-i-jornadas-del-atun","status":"publish","type":"post","link":"https:\/\/costablancaup.com\/es\/disfruta-de-la-gastronomia-de-benidorm-con-las-i-jornadas-del-atun\/","title":{"rendered":"Disfruta de la gastronom\u00eda de Benidorm con las \u00abI Jornadas del At\u00fan\u00bb"},"content":{"rendered":"<p><img loading=\"lazy\" decoding=\"async\" src=\"https:\/\/costablancaup.com\/wp-content\/uploads\/2019\/04\/jornadas-atun-2019.jpg\" alt=\"I Jornadas del At\u00fan de Benidorm\" width=\"800\" height=\"228\" class=\"aligncenter size-full wp-image-29640\" srcset=\"https:\/\/costablancaup.com\/wp-content\/uploads\/2019\/04\/jornadas-atun-2019.jpg 800w, https:\/\/costablancaup.com\/wp-content\/uploads\/2019\/04\/jornadas-atun-2019-300x86.jpg 300w, https:\/\/costablancaup.com\/wp-content\/uploads\/2019\/04\/jornadas-atun-2019-768x219.jpg 768w, https:\/\/costablancaup.com\/wp-content\/uploads\/2019\/04\/jornadas-atun-2019-400x114.jpg 400w\" sizes=\"auto, (max-width: 800px) 100vw, 800px\" \/><br \/>\n<\/p>\n<div class=\"piefoto\">Por visitbenidorm.es<\/div>\n<p><\/p>\n<h2>Las jornadas se desarrollar\u00e1n del 4 al 12 de mayo en diferentes establecimientos colaboradores de Benidorm.<\/h2>\n<p>El objetivo del evento es rendir un homenaje al \u00abBenidorm antiguo\u00bb con su tradicional arte de la pesca del at\u00fan en almadraba (desaparecido en los a\u00f1os 50) y promocionar la oferta gastron\u00f3mica del municipio.<\/p>\n<p>Por ello, durante todos los d\u00edas que tienen lugar las jornadas, se podr\u00e1n degustar tanto platos \u00fanicos como men\u00fas o tapas, cuyo principal ingrediente ser\u00e1 el at\u00fan.<\/p>\n<h3>Programa<\/h3>\n<ul>\n<li><a href=\"\/wp-content\/uploads\/2019\/04\/programa-jornadas-atun-benidorm-2019.pdf\" target=\"_blank\" rel=\"noopener noreferrer\">Descargar programa<\/a><\/li>\n<\/ul>\n","protected":false},"excerpt":{"rendered":"<p>Las jornadas se desarrollar\u00e1n del 4 al 12 de mayo en diferentes establecimientos colaboradores de Benidorm. El objetivo del evento es rendir un homenaje al \u00abBenidorm antiguo\u00bb con su tradicional arte de la pesca del at\u00fan en almadraba (desaparecido en los a\u00f1os 50) y promocionar la oferta gastron\u00f3mica del municipio. Por ello, durante todos los d\u00edas que tienen lugar las jornadas, se podr\u00e1n degustar tanto platos \u00fanicos como men\u00fas o tapas, cuyo principal ingrediente ser\u00e1 el at\u00fan. Programa Descargar programa<\/p>\n","protected":false},"author":1,"featured_media":29640,"comment_status":"open","ping_status":"closed","sticky":false,"template":"","format":"standard","meta":{"footnotes":""},"categories":[5015],"tags":[5079],"class_list":["post-29639","post","type-post","status-publish","format-standard","has-post-thumbnail","hentry","category-eventos-culturales","tag-benidorm-es"],"yoast_head":"<!-- This site is optimized with the Yoast SEO plugin v27.4 - https:\/\/yoast.com\/product\/yoast-seo-wordpress\/ -->\n<title>COSTA BLANCA UP - Disfruta de la gastronom\u00eda de Benidorm con las &quot;I Jornadas del At\u00fan&quot;<\/title>\n<meta name=\"robots\" content=\"index, follow, max-snippet:-1, max-image-preview:large, max-video-preview:-1\" \/>\n<link rel=\"canonical\" href=\"https:\/\/costablancaup.com\/es\/disfruta-de-la-gastronomia-de-benidorm-con-las-i-jornadas-del-atun\/\" \/>\n<meta property=\"og:locale\" content=\"es_ES\" \/>\n<meta property=\"og:type\" content=\"article\" \/>\n<meta property=\"og:title\" content=\"COSTA BLANCA UP - Disfruta de la gastronom\u00eda de Benidorm con las &quot;I Jornadas del At\u00fan&quot;\" \/>\n<meta property=\"og:description\" content=\"Las jornadas se desarrollar\u00e1n del 4 al 12 de mayo en diferentes establecimientos colaboradores de Benidorm. El objetivo del evento es rendir un homenaje al \u00abBenidorm antiguo\u00bb con su tradicional arte de la pesca del at\u00fan en almadraba (desaparecido en los a\u00f1os 50) y promocionar la oferta gastron\u00f3mica del municipio. Por ello, durante todos los d\u00edas que tienen lugar las jornadas, se podr\u00e1n degustar tanto platos \u00fanicos como men\u00fas o tapas, cuyo principal ingrediente ser\u00e1 el at\u00fan. Programa Descargar programa\" \/>\n<meta property=\"og:url\" content=\"https:\/\/costablancaup.com\/es\/disfruta-de-la-gastronomia-de-benidorm-con-las-i-jornadas-del-atun\/\" \/>\n<meta property=\"og:site_name\" content=\"COSTA BLANCA UP\" \/>\n<meta property=\"article:published_time\" content=\"2019-04-30T07:23:15+00:00\" \/>\n<meta property=\"og:image\" content=\"https:\/\/costablancaup.com\/wp-content\/uploads\/2019\/04\/jornadas-atun-2019.jpg\" \/>\n\t<meta property=\"og:image:width\" content=\"800\" \/>\n\t<meta property=\"og:image:height\" content=\"228\" \/>\n\t<meta property=\"og:image:type\" content=\"image\/jpeg\" \/>\n<meta name=\"author\" content=\"jas_admin\" \/>\n<meta name=\"twitter:card\" content=\"summary_large_image\" \/>\n<meta name=\"twitter:label1\" content=\"Escrito por\" \/>\n\t<meta name=\"twitter:data1\" content=\"jas_admin\" \/>\n<script type=\"application\/ld+json\" class=\"yoast-schema-graph\">{\"@context\":\"https:\\\/\\\/schema.org\",\"@graph\":[{\"@type\":\"Article\",\"@id\":\"https:\\\/\\\/costablancaup.com\\\/es\\\/disfruta-de-la-gastronomia-de-benidorm-con-las-i-jornadas-del-atun\\\/#article\",\"isPartOf\":{\"@id\":\"https:\\\/\\\/costablancaup.com\\\/es\\\/disfruta-de-la-gastronomia-de-benidorm-con-las-i-jornadas-del-atun\\\/\"},\"author\":{\"name\":\"jas_admin\",\"@id\":\"https:\\\/\\\/costablancaup.com\\\/es\\\/#\\\/schema\\\/person\\\/a4a0ee1ba74dae33c5d59d6279cd9489\"},\"headline\":\"Disfruta de la gastronom\u00eda de Benidorm con las \u00abI Jornadas del At\u00fan\u00bb\",\"datePublished\":\"2019-04-30T07:23:15+00:00\",\"mainEntityOfPage\":{\"@id\":\"https:\\\/\\\/costablancaup.com\\\/es\\\/disfruta-de-la-gastronomia-de-benidorm-con-las-i-jornadas-del-atun\\\/\"},\"wordCount\":104,\"commentCount\":0,\"publisher\":{\"@id\":\"https:\\\/\\\/costablancaup.com\\\/es\\\/#organization\"},\"image\":{\"@id\":\"https:\\\/\\\/costablancaup.com\\\/es\\\/disfruta-de-la-gastronomia-de-benidorm-con-las-i-jornadas-del-atun\\\/#primaryimage\"},\"thumbnailUrl\":\"https:\\\/\\\/costablancaup.com\\\/wp-content\\\/uploads\\\/2019\\\/04\\\/jornadas-atun-2019.jpg\",\"keywords\":[\"Benidorm\"],\"articleSection\":[\"Eventos culturales\"],\"inLanguage\":\"es\",\"potentialAction\":[{\"@type\":\"CommentAction\",\"name\":\"Comment\",\"target\":[\"https:\\\/\\\/costablancaup.com\\\/es\\\/disfruta-de-la-gastronomia-de-benidorm-con-las-i-jornadas-del-atun\\\/#respond\"]}]},{\"@type\":\"WebPage\",\"@id\":\"https:\\\/\\\/costablancaup.com\\\/es\\\/disfruta-de-la-gastronomia-de-benidorm-con-las-i-jornadas-del-atun\\\/\",\"url\":\"https:\\\/\\\/costablancaup.com\\\/es\\\/disfruta-de-la-gastronomia-de-benidorm-con-las-i-jornadas-del-atun\\\/\",\"name\":\"COSTA BLANCA UP - Disfruta de la gastronom\u00eda de Benidorm con las \\\"I Jornadas del At\u00fan\\\"\",\"isPartOf\":{\"@id\":\"https:\\\/\\\/costablancaup.com\\\/es\\\/#website\"},\"primaryImageOfPage\":{\"@id\":\"https:\\\/\\\/costablancaup.com\\\/es\\\/disfruta-de-la-gastronomia-de-benidorm-con-las-i-jornadas-del-atun\\\/#primaryimage\"},\"image\":{\"@id\":\"https:\\\/\\\/costablancaup.com\\\/es\\\/disfruta-de-la-gastronomia-de-benidorm-con-las-i-jornadas-del-atun\\\/#primaryimage\"},\"thumbnailUrl\":\"https:\\\/\\\/costablancaup.com\\\/wp-content\\\/uploads\\\/2019\\\/04\\\/jornadas-atun-2019.jpg\",\"datePublished\":\"2019-04-30T07:23:15+00:00\",\"breadcrumb\":{\"@id\":\"https:\\\/\\\/costablancaup.com\\\/es\\\/disfruta-de-la-gastronomia-de-benidorm-con-las-i-jornadas-del-atun\\\/#breadcrumb\"},\"inLanguage\":\"es\",\"potentialAction\":[{\"@type\":\"ReadAction\",\"target\":[\"https:\\\/\\\/costablancaup.com\\\/es\\\/disfruta-de-la-gastronomia-de-benidorm-con-las-i-jornadas-del-atun\\\/\"]}]},{\"@type\":\"ImageObject\",\"inLanguage\":\"es\",\"@id\":\"https:\\\/\\\/costablancaup.com\\\/es\\\/disfruta-de-la-gastronomia-de-benidorm-con-las-i-jornadas-del-atun\\\/#primaryimage\",\"url\":\"https:\\\/\\\/costablancaup.com\\\/wp-content\\\/uploads\\\/2019\\\/04\\\/jornadas-atun-2019.jpg\",\"contentUrl\":\"https:\\\/\\\/costablancaup.com\\\/wp-content\\\/uploads\\\/2019\\\/04\\\/jornadas-atun-2019.jpg\",\"width\":800,\"height\":228,\"caption\":\"I Jornadas del At\u00fan de Benidorm\"},{\"@type\":\"BreadcrumbList\",\"@id\":\"https:\\\/\\\/costablancaup.com\\\/es\\\/disfruta-de-la-gastronomia-de-benidorm-con-las-i-jornadas-del-atun\\\/#breadcrumb\",\"itemListElement\":[{\"@type\":\"ListItem\",\"position\":1,\"name\":\"Home\",\"item\":\"https:\\\/\\\/costablancaup.com\\\/es\\\/\"},{\"@type\":\"ListItem\",\"position\":2,\"name\":\"Disfruta de la gastronom\u00eda de Benidorm con las \u00abI Jornadas del At\u00fan\u00bb\"}]},{\"@type\":\"WebSite\",\"@id\":\"https:\\\/\\\/costablancaup.com\\\/es\\\/#website\",\"url\":\"https:\\\/\\\/costablancaup.com\\\/es\\\/\",\"name\":\"COSTA BLANCA UP\",\"description\":\"Costa Blanca Events and Agenda\",\"publisher\":{\"@id\":\"https:\\\/\\\/costablancaup.com\\\/es\\\/#organization\"},\"potentialAction\":[{\"@type\":\"SearchAction\",\"target\":{\"@type\":\"EntryPoint\",\"urlTemplate\":\"https:\\\/\\\/costablancaup.com\\\/es\\\/?s={search_term_string}\"},\"query-input\":{\"@type\":\"PropertyValueSpecification\",\"valueRequired\":true,\"valueName\":\"search_term_string\"}}],\"inLanguage\":\"es\"},{\"@type\":\"Organization\",\"@id\":\"https:\\\/\\\/costablancaup.com\\\/es\\\/#organization\",\"name\":\"Costa Blanca Up\",\"url\":\"https:\\\/\\\/costablancaup.com\\\/es\\\/\",\"logo\":{\"@type\":\"ImageObject\",\"inLanguage\":\"es\",\"@id\":\"https:\\\/\\\/costablancaup.com\\\/es\\\/#\\\/schema\\\/logo\\\/image\\\/\",\"url\":\"https:\\\/\\\/costablancaup.com\\\/wp-content\\\/uploads\\\/2018\\\/07\\\/titulo_web-1.png\",\"contentUrl\":\"https:\\\/\\\/costablancaup.com\\\/wp-content\\\/uploads\\\/2018\\\/07\\\/titulo_web-1.png\",\"width\":1973,\"height\":303,\"caption\":\"Costa Blanca Up\"},\"image\":{\"@id\":\"https:\\\/\\\/costablancaup.com\\\/es\\\/#\\\/schema\\\/logo\\\/image\\\/\"}},{\"@type\":\"Person\",\"@id\":\"https:\\\/\\\/costablancaup.com\\\/es\\\/#\\\/schema\\\/person\\\/a4a0ee1ba74dae33c5d59d6279cd9489\",\"name\":\"jas_admin\",\"image\":{\"@type\":\"ImageObject\",\"inLanguage\":\"es\",\"@id\":\"https:\\\/\\\/secure.gravatar.com\\\/avatar\\\/d5a1282fae1020d8b4f7a1b95dac31c3c08f7dfd0a06b2ba5aa24fa117526f78?s=96&d=mm&r=g\",\"url\":\"https:\\\/\\\/secure.gravatar.com\\\/avatar\\\/d5a1282fae1020d8b4f7a1b95dac31c3c08f7dfd0a06b2ba5aa24fa117526f78?s=96&d=mm&r=g\",\"contentUrl\":\"https:\\\/\\\/secure.gravatar.com\\\/avatar\\\/d5a1282fae1020d8b4f7a1b95dac31c3c08f7dfd0a06b2ba5aa24fa117526f78?s=96&d=mm&r=g\",\"caption\":\"jas_admin\"}}]}<\/script>\n<!-- \/ Yoast SEO plugin. -->","yoast_head_json":{"title":"COSTA BLANCA UP - Disfruta de la gastronom\u00eda de Benidorm con las \"I Jornadas del At\u00fan\"","robots":{"index":"index","follow":"follow","max-snippet":"max-snippet:-1","max-image-preview":"max-image-preview:large","max-video-preview":"max-video-preview:-1"},"canonical":"https:\/\/costablancaup.com\/es\/disfruta-de-la-gastronomia-de-benidorm-con-las-i-jornadas-del-atun\/","og_locale":"es_ES","og_type":"article","og_title":"COSTA BLANCA UP - Disfruta de la gastronom\u00eda de Benidorm con las \"I Jornadas del At\u00fan\"","og_description":"Las jornadas se desarrollar\u00e1n del 4 al 12 de mayo en diferentes establecimientos colaboradores de Benidorm. El objetivo del evento es rendir un homenaje al \u00abBenidorm antiguo\u00bb con su tradicional arte de la pesca del at\u00fan en almadraba (desaparecido en los a\u00f1os 50) y promocionar la oferta gastron\u00f3mica del municipio. Por ello, durante todos los d\u00edas que tienen lugar las jornadas, se podr\u00e1n degustar tanto platos \u00fanicos como men\u00fas o tapas, cuyo principal ingrediente ser\u00e1 el at\u00fan. Programa Descargar programa","og_url":"https:\/\/costablancaup.com\/es\/disfruta-de-la-gastronomia-de-benidorm-con-las-i-jornadas-del-atun\/","og_site_name":"COSTA BLANCA UP","article_published_time":"2019-04-30T07:23:15+00:00","og_image":[{"width":800,"height":228,"url":"https:\/\/costablancaup.com\/wp-content\/uploads\/2019\/04\/jornadas-atun-2019.jpg","type":"image\/jpeg"}],"author":"jas_admin","twitter_card":"summary_large_image","twitter_misc":{"Escrito por":"jas_admin"},"schema":{"@context":"https:\/\/schema.org","@graph":[{"@type":"Article","@id":"https:\/\/costablancaup.com\/es\/disfruta-de-la-gastronomia-de-benidorm-con-las-i-jornadas-del-atun\/#article","isPartOf":{"@id":"https:\/\/costablancaup.com\/es\/disfruta-de-la-gastronomia-de-benidorm-con-las-i-jornadas-del-atun\/"},"author":{"name":"jas_admin","@id":"https:\/\/costablancaup.com\/es\/#\/schema\/person\/a4a0ee1ba74dae33c5d59d6279cd9489"},"headline":"Disfruta de la gastronom\u00eda de Benidorm con las \u00abI Jornadas del At\u00fan\u00bb","datePublished":"2019-04-30T07:23:15+00:00","mainEntityOfPage":{"@id":"https:\/\/costablancaup.com\/es\/disfruta-de-la-gastronomia-de-benidorm-con-las-i-jornadas-del-atun\/"},"wordCount":104,"commentCount":0,"publisher":{"@id":"https:\/\/costablancaup.com\/es\/#organization"},"image":{"@id":"https:\/\/costablancaup.com\/es\/disfruta-de-la-gastronomia-de-benidorm-con-las-i-jornadas-del-atun\/#primaryimage"},"thumbnailUrl":"https:\/\/costablancaup.com\/wp-content\/uploads\/2019\/04\/jornadas-atun-2019.jpg","keywords":["Benidorm"],"articleSection":["Eventos culturales"],"inLanguage":"es","potentialAction":[{"@type":"CommentAction","name":"Comment","target":["https:\/\/costablancaup.com\/es\/disfruta-de-la-gastronomia-de-benidorm-con-las-i-jornadas-del-atun\/#respond"]}]},{"@type":"WebPage","@id":"https:\/\/costablancaup.com\/es\/disfruta-de-la-gastronomia-de-benidorm-con-las-i-jornadas-del-atun\/","url":"https:\/\/costablancaup.com\/es\/disfruta-de-la-gastronomia-de-benidorm-con-las-i-jornadas-del-atun\/","name":"COSTA BLANCA UP - Disfruta de la gastronom\u00eda de Benidorm con las \"I Jornadas del At\u00fan\"","isPartOf":{"@id":"https:\/\/costablancaup.com\/es\/#website"},"primaryImageOfPage":{"@id":"https:\/\/costablancaup.com\/es\/disfruta-de-la-gastronomia-de-benidorm-con-las-i-jornadas-del-atun\/#primaryimage"},"image":{"@id":"https:\/\/costablancaup.com\/es\/disfruta-de-la-gastronomia-de-benidorm-con-las-i-jornadas-del-atun\/#primaryimage"},"thumbnailUrl":"https:\/\/costablancaup.com\/wp-content\/uploads\/2019\/04\/jornadas-atun-2019.jpg","datePublished":"2019-04-30T07:23:15+00:00","breadcrumb":{"@id":"https:\/\/costablancaup.com\/es\/disfruta-de-la-gastronomia-de-benidorm-con-las-i-jornadas-del-atun\/#breadcrumb"},"inLanguage":"es","potentialAction":[{"@type":"ReadAction","target":["https:\/\/costablancaup.com\/es\/disfruta-de-la-gastronomia-de-benidorm-con-las-i-jornadas-del-atun\/"]}]},{"@type":"ImageObject","inLanguage":"es","@id":"https:\/\/costablancaup.com\/es\/disfruta-de-la-gastronomia-de-benidorm-con-las-i-jornadas-del-atun\/#primaryimage","url":"https:\/\/costablancaup.com\/wp-content\/uploads\/2019\/04\/jornadas-atun-2019.jpg","contentUrl":"https:\/\/costablancaup.com\/wp-content\/uploads\/2019\/04\/jornadas-atun-2019.jpg","width":800,"height":228,"caption":"I Jornadas del At\u00fan de Benidorm"},{"@type":"BreadcrumbList","@id":"https:\/\/costablancaup.com\/es\/disfruta-de-la-gastronomia-de-benidorm-con-las-i-jornadas-del-atun\/#breadcrumb","itemListElement":[{"@type":"ListItem","position":1,"name":"Home","item":"https:\/\/costablancaup.com\/es\/"},{"@type":"ListItem","position":2,"name":"Disfruta de la gastronom\u00eda de Benidorm con las \u00abI Jornadas del At\u00fan\u00bb"}]},{"@type":"WebSite","@id":"https:\/\/costablancaup.com\/es\/#website","url":"https:\/\/costablancaup.com\/es\/","name":"COSTA BLANCA UP","description":"Costa Blanca Events and Agenda","publisher":{"@id":"https:\/\/costablancaup.com\/es\/#organization"},"potentialAction":[{"@type":"SearchAction","target":{"@type":"EntryPoint","urlTemplate":"https:\/\/costablancaup.com\/es\/?s={search_term_string}"},"query-input":{"@type":"PropertyValueSpecification","valueRequired":true,"valueName":"search_term_string"}}],"inLanguage":"es"},{"@type":"Organization","@id":"https:\/\/costablancaup.com\/es\/#organization","name":"Costa Blanca Up","url":"https:\/\/costablancaup.com\/es\/","logo":{"@type":"ImageObject","inLanguage":"es","@id":"https:\/\/costablancaup.com\/es\/#\/schema\/logo\/image\/","url":"https:\/\/costablancaup.com\/wp-content\/uploads\/2018\/07\/titulo_web-1.png","contentUrl":"https:\/\/costablancaup.com\/wp-content\/uploads\/2018\/07\/titulo_web-1.png","width":1973,"height":303,"caption":"Costa Blanca Up"},"image":{"@id":"https:\/\/costablancaup.com\/es\/#\/schema\/logo\/image\/"}},{"@type":"Person","@id":"https:\/\/costablancaup.com\/es\/#\/schema\/person\/a4a0ee1ba74dae33c5d59d6279cd9489","name":"jas_admin","image":{"@type":"ImageObject","inLanguage":"es","@id":"https:\/\/secure.gravatar.com\/avatar\/d5a1282fae1020d8b4f7a1b95dac31c3c08f7dfd0a06b2ba5aa24fa117526f78?s=96&d=mm&r=g","url":"https:\/\/secure.gravatar.com\/avatar\/d5a1282fae1020d8b4f7a1b95dac31c3c08f7dfd0a06b2ba5aa24fa117526f78?s=96&d=mm&r=g","contentUrl":"https:\/\/secure.gravatar.com\/avatar\/d5a1282fae1020d8b4f7a1b95dac31c3c08f7dfd0a06b2ba5aa24fa117526f78?s=96&d=mm&r=g","caption":"jas_admin"}}]}},"_links":{"self":[{"href":"https:\/\/costablancaup.com\/es\/wp-json\/wp\/v2\/posts\/29639","targetHints":{"allow":["GET"]}}],"collection":[{"href":"https:\/\/costablancaup.com\/es\/wp-json\/wp\/v2\/posts"}],"about":[{"href":"https:\/\/costablancaup.com\/es\/wp-json\/wp\/v2\/types\/post"}],"author":[{"embeddable":true,"href":"https:\/\/costablancaup.com\/es\/wp-json\/wp\/v2\/users\/1"}],"replies":[{"embeddable":true,"href":"https:\/\/costablancaup.com\/es\/wp-json\/wp\/v2\/comments?post=29639"}],"version-history":[{"count":1,"href":"https:\/\/costablancaup.com\/es\/wp-json\/wp\/v2\/posts\/29639\/revisions"}],"predecessor-version":[{"id":29643,"href":"https:\/\/costablancaup.com\/es\/wp-json\/wp\/v2\/posts\/29639\/revisions\/29643"}],"wp:featuredmedia":[{"embeddable":true,"href":"https:\/\/costablancaup.com\/es\/wp-json\/wp\/v2\/media\/29640"}],"wp:attachment":[{"href":"https:\/\/costablancaup.com\/es\/wp-json\/wp\/v2\/media?parent=29639"}],"wp:term":[{"taxonomy":"category","embeddable":true,"href":"https:\/\/costablancaup.com\/es\/wp-json\/wp\/v2\/categories?post=29639"},{"taxonomy":"post_tag","embeddable":true,"href":"https:\/\/costablancaup.com\/es\/wp-json\/wp\/v2\/tags?post=29639"}],"curies":[{"name":"wp","href":"https:\/\/api.w.org\/{rel}","templated":true}]}}