{"id":30785,"date":"2019-06-04T10:03:04","date_gmt":"2019-06-04T08:03:04","guid":{"rendered":"https:\/\/costablancaup.com\/?p=30785"},"modified":"2019-06-04T10:09:02","modified_gmt":"2019-06-04T08:09:02","slug":"festival-de-cine-de-sant-joan-de-alacant","status":"publish","type":"post","link":"https:\/\/costablancaup.com\/es\/festival-de-cine-de-sant-joan-de-alacant\/","title":{"rendered":"\u00abFestival de cine de Sant Joan de Alacant\u00bb"},"content":{"rendered":"<p><img loading=\"lazy\" decoding=\"async\" src=\"https:\/\/costablancaup.com\/wp-content\/uploads\/2019\/06\/fcsj2019.jpg\" alt=\"Festival de cine de Sant Joan de Alacant 2019\" width=\"800\" height=\"494\" class=\"aligncenter size-full wp-image-30786\" srcset=\"https:\/\/costablancaup.com\/wp-content\/uploads\/2019\/06\/fcsj2019.jpg 800w, https:\/\/costablancaup.com\/wp-content\/uploads\/2019\/06\/fcsj2019-300x185.jpg 300w, https:\/\/costablancaup.com\/wp-content\/uploads\/2019\/06\/fcsj2019-768x474.jpg 768w, https:\/\/costablancaup.com\/wp-content\/uploads\/2019\/06\/fcsj2019-400x247.jpg 400w\" sizes=\"auto, (max-width: 800px) 100vw, 800px\" \/><br \/>\n<\/p>\n<div class=\"piefoto\">Por http:\/\/santjoanfestivaldecine.es<\/div>\n<p><\/p>\n<h2>Los mejores cortometrajes espa\u00f1oles de este \u00faltimo a\u00f1o se exhibir\u00e1n del 2 al 8 de junio en el <em>Auditorio de la Casa de Cultura<\/em> de San Juan de Alicante.<\/h2>\n<p>De entre los m\u00e1s de 1000 cortometrajes participantes se han seleccionado 30, que podr\u00e1n verse durante la semana de proyecciones y que competir\u00e1n por llevarse los galardones de este a\u00f1o.<\/p>\n<p>Especial importancia tendr\u00e1n las actividades paralelas al festival, como presentaciones, exposiciones, concursos, conciertos, pasacalles, <em>flashmobs<\/em>, <em>masterclass<\/em> y talleres.<\/p>\n<h3>Programa<\/h3>\n<p><img loading=\"lazy\" decoding=\"async\" src=\"https:\/\/costablancaup.com\/wp-content\/uploads\/2019\/06\/fcsj2019-programa.jpg\" alt=\"Festival de cine de Sant Joan de Alacant 2019: programa\" width=\"1024\" height=\"1463\" class=\"aligncenter size-full wp-image-30789\" srcset=\"https:\/\/costablancaup.com\/wp-content\/uploads\/2019\/06\/fcsj2019-programa.jpg 1024w, https:\/\/costablancaup.com\/wp-content\/uploads\/2019\/06\/fcsj2019-programa-210x300.jpg 210w, https:\/\/costablancaup.com\/wp-content\/uploads\/2019\/06\/fcsj2019-programa-768x1097.jpg 768w, https:\/\/costablancaup.com\/wp-content\/uploads\/2019\/06\/fcsj2019-programa-717x1024.jpg 717w, https:\/\/costablancaup.com\/wp-content\/uploads\/2019\/06\/fcsj2019-programa-400x571.jpg 400w\" sizes=\"auto, (max-width: 1024px) 100vw, 1024px\" \/><\/p>\n<h3>Localizaci\u00f3n<\/h3>\n\r\n            \r\n            \r\n            \r\n            <a name='map208'><\/a>\r\n            \r\n            \r\n            \r\n            \r\n            <div class=\"wpgmza_map \"  id=\"wpgmza_map_208\" style=\"display:block; overflow:auto; width:100%; height:400px; float:left;\" data-settings='{\"id\":\"208\",\"map_title\":\"Casa de Cultura (San Juan de Alicante)\",\"map_width\":\"100\",\"map_height\":\"400\",\"map_start_lat\":\"38.398150\",\"map_start_lng\":\"-0.428776\",\"map_start_location\":\"38.398149589653805,-0.4287755165714269\",\"map_start_zoom\":\"14\",\"default_marker\":\"0\",\"type\":\"1\",\"alignment\":\"1\",\"directions_enabled\":\"0\",\"styling_enabled\":\"0\",\"styling_json\":\"\",\"active\":\"0\",\"kml\":\"\",\"bicycle\":\"0\",\"traffic\":\"0\",\"dbox\":\"1\",\"dbox_width\":\"100\",\"listmarkers\":\"0\",\"listmarkers_advanced\":\"0\",\"filterbycat\":\"0\",\"ugm_enabled\":\"0\",\"ugm_category_enabled\":\"0\",\"fusion\":\"\",\"map_width_type\":\"\\\\%\",\"map_height_type\":\"px\",\"mass_marker_support\":\"0\",\"ugm_access\":\"0\",\"order_markers_by\":\"1\",\"order_markers_choice\":\"2\",\"show_user_location\":\"2\",\"default_to\":\"\",\"other_settings\":{\"wpgmza_store_locator_restrict\":\"\",\"wpgmza_sl_animation\":\"1\",\"store_locator_query_string\":\"ZIP \\\/ Address:\",\"store_locator_name_string\":\"Title \\\/ Description:\",\"store_locator_default_address\":\"\",\"wpgmza_dbox_width_type\":\"%\",\"map_max_zoom\":\"3\",\"map_min_zoom\":\"21\",\"sl_stroke_color\":\"FF0000\",\"sl_stroke_opacity\":\"0.25\",\"sl_fill_color\":\"FF0000\",\"sl_fill_opacity\":\"0.15\",\"click_open_link\":2,\"transport_layer\":0,\"iw_primary_color\":\"2A3744\",\"iw_accent_color\":\"252F3A\",\"iw_text_color\":\"FFFFFF\",\"wpgmza_iw_type\":\"0\",\"list_markers_by\":\"0\",\"push_in_map\":\"\",\"push_in_map_placement\":\"9\",\"wpgmza_push_in_map_width\":\"\",\"wpgmza_push_in_map_height\":\"\",\"wpgmza_theme_data\":\"\",\"upload_default_ul_marker\":\"\",\"upload_default_sl_marker\":\"\",\"shortcodeAttributes\":{\"id\":\"208\"}}}' data-map-id='208' data-shortcode-attributes='{\"id\":\"208\"}'> <\/div>\r\n            \r\n               \r\n        \n","protected":false},"excerpt":{"rendered":"<p>Los mejores cortometrajes espa\u00f1oles de este \u00faltimo a\u00f1o se exhibir\u00e1n del 2 al 8 de junio en el Auditorio de la Casa de Cultura de San Juan de Alicante. De entre los m\u00e1s de 1000 cortometrajes participantes se han seleccionado 30, que podr\u00e1n verse durante la semana de proyecciones y que competir\u00e1n por llevarse los galardones de este a\u00f1o. Especial importancia tendr\u00e1n las actividades paralelas al festival, como presentaciones, exposiciones, concursos, conciertos, pasacalles, flashmobs, masterclass y talleres. Programa Localizaci\u00f3n<\/p>\n","protected":false},"author":1,"featured_media":30786,"comment_status":"open","ping_status":"closed","sticky":false,"template":"","format":"standard","meta":{"footnotes":""},"categories":[5015],"tags":[5339],"class_list":["post-30785","post","type-post","status-publish","format-standard","has-post-thumbnail","hentry","category-eventos-culturales","tag-san-juan-de-alicante-es"],"yoast_head":"<!-- This site is optimized with the Yoast SEO plugin v27.4 - https:\/\/yoast.com\/product\/yoast-seo-wordpress\/ -->\n<title>COSTA BLANCA UP - &quot;Festival de cine de Sant Joan de Alacant&quot;<\/title>\n<meta name=\"robots\" content=\"index, follow, max-snippet:-1, max-image-preview:large, max-video-preview:-1\" \/>\n<link rel=\"canonical\" href=\"https:\/\/costablancaup.com\/es\/festival-de-cine-de-sant-joan-de-alacant\/\" \/>\n<meta property=\"og:locale\" content=\"es_ES\" \/>\n<meta property=\"og:type\" content=\"article\" \/>\n<meta property=\"og:title\" content=\"COSTA BLANCA UP - &quot;Festival de cine de Sant Joan de Alacant&quot;\" \/>\n<meta property=\"og:description\" content=\"Los mejores cortometrajes espa\u00f1oles de este \u00faltimo a\u00f1o se exhibir\u00e1n del 2 al 8 de junio en el Auditorio de la Casa de Cultura de San Juan de Alicante. De entre los m\u00e1s de 1000 cortometrajes participantes se han seleccionado 30, que podr\u00e1n verse durante la semana de proyecciones y que competir\u00e1n por llevarse los galardones de este a\u00f1o. Especial importancia tendr\u00e1n las actividades paralelas al festival, como presentaciones, exposiciones, concursos, conciertos, pasacalles, flashmobs, masterclass y talleres. Programa Localizaci\u00f3n\" \/>\n<meta property=\"og:url\" content=\"https:\/\/costablancaup.com\/es\/festival-de-cine-de-sant-joan-de-alacant\/\" \/>\n<meta property=\"og:site_name\" content=\"COSTA BLANCA UP\" \/>\n<meta property=\"article:published_time\" content=\"2019-06-04T08:03:04+00:00\" \/>\n<meta property=\"article:modified_time\" content=\"2019-06-04T08:09:02+00:00\" \/>\n<meta property=\"og:image\" content=\"https:\/\/costablancaup.com\/wp-content\/uploads\/2019\/06\/fcsj2019.jpg\" \/>\n\t<meta property=\"og:image:width\" content=\"800\" \/>\n\t<meta property=\"og:image:height\" content=\"494\" \/>\n\t<meta property=\"og:image:type\" content=\"image\/jpeg\" \/>\n<meta name=\"author\" content=\"jas_admin\" \/>\n<meta name=\"twitter:card\" content=\"summary_large_image\" \/>\n<meta name=\"twitter:label1\" content=\"Escrito por\" \/>\n\t<meta name=\"twitter:data1\" content=\"jas_admin\" \/>\n<script type=\"application\/ld+json\" class=\"yoast-schema-graph\">{\"@context\":\"https:\\\/\\\/schema.org\",\"@graph\":[{\"@type\":\"Article\",\"@id\":\"https:\\\/\\\/costablancaup.com\\\/es\\\/festival-de-cine-de-sant-joan-de-alacant\\\/#article\",\"isPartOf\":{\"@id\":\"https:\\\/\\\/costablancaup.com\\\/es\\\/festival-de-cine-de-sant-joan-de-alacant\\\/\"},\"author\":{\"name\":\"jas_admin\",\"@id\":\"https:\\\/\\\/costablancaup.com\\\/es\\\/#\\\/schema\\\/person\\\/a4a0ee1ba74dae33c5d59d6279cd9489\"},\"headline\":\"\u00abFestival de cine de Sant Joan de Alacant\u00bb\",\"datePublished\":\"2019-06-04T08:03:04+00:00\",\"dateModified\":\"2019-06-04T08:09:02+00:00\",\"mainEntityOfPage\":{\"@id\":\"https:\\\/\\\/costablancaup.com\\\/es\\\/festival-de-cine-de-sant-joan-de-alacant\\\/\"},\"wordCount\":100,\"commentCount\":0,\"publisher\":{\"@id\":\"https:\\\/\\\/costablancaup.com\\\/es\\\/#organization\"},\"image\":{\"@id\":\"https:\\\/\\\/costablancaup.com\\\/es\\\/festival-de-cine-de-sant-joan-de-alacant\\\/#primaryimage\"},\"thumbnailUrl\":\"https:\\\/\\\/costablancaup.com\\\/wp-content\\\/uploads\\\/2019\\\/06\\\/fcsj2019.jpg\",\"keywords\":[\"San Juan de Alicante\"],\"articleSection\":[\"Eventos culturales\"],\"inLanguage\":\"es\",\"potentialAction\":[{\"@type\":\"CommentAction\",\"name\":\"Comment\",\"target\":[\"https:\\\/\\\/costablancaup.com\\\/es\\\/festival-de-cine-de-sant-joan-de-alacant\\\/#respond\"]}]},{\"@type\":\"WebPage\",\"@id\":\"https:\\\/\\\/costablancaup.com\\\/es\\\/festival-de-cine-de-sant-joan-de-alacant\\\/\",\"url\":\"https:\\\/\\\/costablancaup.com\\\/es\\\/festival-de-cine-de-sant-joan-de-alacant\\\/\",\"name\":\"COSTA BLANCA UP - \\\"Festival de cine de Sant Joan de Alacant\\\"\",\"isPartOf\":{\"@id\":\"https:\\\/\\\/costablancaup.com\\\/es\\\/#website\"},\"primaryImageOfPage\":{\"@id\":\"https:\\\/\\\/costablancaup.com\\\/es\\\/festival-de-cine-de-sant-joan-de-alacant\\\/#primaryimage\"},\"image\":{\"@id\":\"https:\\\/\\\/costablancaup.com\\\/es\\\/festival-de-cine-de-sant-joan-de-alacant\\\/#primaryimage\"},\"thumbnailUrl\":\"https:\\\/\\\/costablancaup.com\\\/wp-content\\\/uploads\\\/2019\\\/06\\\/fcsj2019.jpg\",\"datePublished\":\"2019-06-04T08:03:04+00:00\",\"dateModified\":\"2019-06-04T08:09:02+00:00\",\"breadcrumb\":{\"@id\":\"https:\\\/\\\/costablancaup.com\\\/es\\\/festival-de-cine-de-sant-joan-de-alacant\\\/#breadcrumb\"},\"inLanguage\":\"es\",\"potentialAction\":[{\"@type\":\"ReadAction\",\"target\":[\"https:\\\/\\\/costablancaup.com\\\/es\\\/festival-de-cine-de-sant-joan-de-alacant\\\/\"]}]},{\"@type\":\"ImageObject\",\"inLanguage\":\"es\",\"@id\":\"https:\\\/\\\/costablancaup.com\\\/es\\\/festival-de-cine-de-sant-joan-de-alacant\\\/#primaryimage\",\"url\":\"https:\\\/\\\/costablancaup.com\\\/wp-content\\\/uploads\\\/2019\\\/06\\\/fcsj2019.jpg\",\"contentUrl\":\"https:\\\/\\\/costablancaup.com\\\/wp-content\\\/uploads\\\/2019\\\/06\\\/fcsj2019.jpg\",\"width\":800,\"height\":494,\"caption\":\"Festival de cine de Sant Joan de Alacant 2019\"},{\"@type\":\"BreadcrumbList\",\"@id\":\"https:\\\/\\\/costablancaup.com\\\/es\\\/festival-de-cine-de-sant-joan-de-alacant\\\/#breadcrumb\",\"itemListElement\":[{\"@type\":\"ListItem\",\"position\":1,\"name\":\"Home\",\"item\":\"https:\\\/\\\/costablancaup.com\\\/es\\\/\"},{\"@type\":\"ListItem\",\"position\":2,\"name\":\"\u00abFestival de cine de Sant Joan de Alacant\u00bb\"}]},{\"@type\":\"WebSite\",\"@id\":\"https:\\\/\\\/costablancaup.com\\\/es\\\/#website\",\"url\":\"https:\\\/\\\/costablancaup.com\\\/es\\\/\",\"name\":\"COSTA BLANCA UP\",\"description\":\"Costa Blanca Events and Agenda\",\"publisher\":{\"@id\":\"https:\\\/\\\/costablancaup.com\\\/es\\\/#organization\"},\"potentialAction\":[{\"@type\":\"SearchAction\",\"target\":{\"@type\":\"EntryPoint\",\"urlTemplate\":\"https:\\\/\\\/costablancaup.com\\\/es\\\/?s={search_term_string}\"},\"query-input\":{\"@type\":\"PropertyValueSpecification\",\"valueRequired\":true,\"valueName\":\"search_term_string\"}}],\"inLanguage\":\"es\"},{\"@type\":\"Organization\",\"@id\":\"https:\\\/\\\/costablancaup.com\\\/es\\\/#organization\",\"name\":\"Costa Blanca Up\",\"url\":\"https:\\\/\\\/costablancaup.com\\\/es\\\/\",\"logo\":{\"@type\":\"ImageObject\",\"inLanguage\":\"es\",\"@id\":\"https:\\\/\\\/costablancaup.com\\\/es\\\/#\\\/schema\\\/logo\\\/image\\\/\",\"url\":\"https:\\\/\\\/costablancaup.com\\\/wp-content\\\/uploads\\\/2018\\\/07\\\/titulo_web-1.png\",\"contentUrl\":\"https:\\\/\\\/costablancaup.com\\\/wp-content\\\/uploads\\\/2018\\\/07\\\/titulo_web-1.png\",\"width\":1973,\"height\":303,\"caption\":\"Costa Blanca Up\"},\"image\":{\"@id\":\"https:\\\/\\\/costablancaup.com\\\/es\\\/#\\\/schema\\\/logo\\\/image\\\/\"}},{\"@type\":\"Person\",\"@id\":\"https:\\\/\\\/costablancaup.com\\\/es\\\/#\\\/schema\\\/person\\\/a4a0ee1ba74dae33c5d59d6279cd9489\",\"name\":\"jas_admin\",\"image\":{\"@type\":\"ImageObject\",\"inLanguage\":\"es\",\"@id\":\"https:\\\/\\\/secure.gravatar.com\\\/avatar\\\/d5a1282fae1020d8b4f7a1b95dac31c3c08f7dfd0a06b2ba5aa24fa117526f78?s=96&d=mm&r=g\",\"url\":\"https:\\\/\\\/secure.gravatar.com\\\/avatar\\\/d5a1282fae1020d8b4f7a1b95dac31c3c08f7dfd0a06b2ba5aa24fa117526f78?s=96&d=mm&r=g\",\"contentUrl\":\"https:\\\/\\\/secure.gravatar.com\\\/avatar\\\/d5a1282fae1020d8b4f7a1b95dac31c3c08f7dfd0a06b2ba5aa24fa117526f78?s=96&d=mm&r=g\",\"caption\":\"jas_admin\"}}]}<\/script>\n<!-- \/ Yoast SEO plugin. -->","yoast_head_json":{"title":"COSTA BLANCA UP - \"Festival de cine de Sant Joan de Alacant\"","robots":{"index":"index","follow":"follow","max-snippet":"max-snippet:-1","max-image-preview":"max-image-preview:large","max-video-preview":"max-video-preview:-1"},"canonical":"https:\/\/costablancaup.com\/es\/festival-de-cine-de-sant-joan-de-alacant\/","og_locale":"es_ES","og_type":"article","og_title":"COSTA BLANCA UP - \"Festival de cine de Sant Joan de Alacant\"","og_description":"Los mejores cortometrajes espa\u00f1oles de este \u00faltimo a\u00f1o se exhibir\u00e1n del 2 al 8 de junio en el Auditorio de la Casa de Cultura de San Juan de Alicante. De entre los m\u00e1s de 1000 cortometrajes participantes se han seleccionado 30, que podr\u00e1n verse durante la semana de proyecciones y que competir\u00e1n por llevarse los galardones de este a\u00f1o. Especial importancia tendr\u00e1n las actividades paralelas al festival, como presentaciones, exposiciones, concursos, conciertos, pasacalles, flashmobs, masterclass y talleres. Programa Localizaci\u00f3n","og_url":"https:\/\/costablancaup.com\/es\/festival-de-cine-de-sant-joan-de-alacant\/","og_site_name":"COSTA BLANCA UP","article_published_time":"2019-06-04T08:03:04+00:00","article_modified_time":"2019-06-04T08:09:02+00:00","og_image":[{"width":800,"height":494,"url":"https:\/\/costablancaup.com\/wp-content\/uploads\/2019\/06\/fcsj2019.jpg","type":"image\/jpeg"}],"author":"jas_admin","twitter_card":"summary_large_image","twitter_misc":{"Escrito por":"jas_admin"},"schema":{"@context":"https:\/\/schema.org","@graph":[{"@type":"Article","@id":"https:\/\/costablancaup.com\/es\/festival-de-cine-de-sant-joan-de-alacant\/#article","isPartOf":{"@id":"https:\/\/costablancaup.com\/es\/festival-de-cine-de-sant-joan-de-alacant\/"},"author":{"name":"jas_admin","@id":"https:\/\/costablancaup.com\/es\/#\/schema\/person\/a4a0ee1ba74dae33c5d59d6279cd9489"},"headline":"\u00abFestival de cine de Sant Joan de Alacant\u00bb","datePublished":"2019-06-04T08:03:04+00:00","dateModified":"2019-06-04T08:09:02+00:00","mainEntityOfPage":{"@id":"https:\/\/costablancaup.com\/es\/festival-de-cine-de-sant-joan-de-alacant\/"},"wordCount":100,"commentCount":0,"publisher":{"@id":"https:\/\/costablancaup.com\/es\/#organization"},"image":{"@id":"https:\/\/costablancaup.com\/es\/festival-de-cine-de-sant-joan-de-alacant\/#primaryimage"},"thumbnailUrl":"https:\/\/costablancaup.com\/wp-content\/uploads\/2019\/06\/fcsj2019.jpg","keywords":["San Juan de Alicante"],"articleSection":["Eventos culturales"],"inLanguage":"es","potentialAction":[{"@type":"CommentAction","name":"Comment","target":["https:\/\/costablancaup.com\/es\/festival-de-cine-de-sant-joan-de-alacant\/#respond"]}]},{"@type":"WebPage","@id":"https:\/\/costablancaup.com\/es\/festival-de-cine-de-sant-joan-de-alacant\/","url":"https:\/\/costablancaup.com\/es\/festival-de-cine-de-sant-joan-de-alacant\/","name":"COSTA BLANCA UP - \"Festival de cine de Sant Joan de Alacant\"","isPartOf":{"@id":"https:\/\/costablancaup.com\/es\/#website"},"primaryImageOfPage":{"@id":"https:\/\/costablancaup.com\/es\/festival-de-cine-de-sant-joan-de-alacant\/#primaryimage"},"image":{"@id":"https:\/\/costablancaup.com\/es\/festival-de-cine-de-sant-joan-de-alacant\/#primaryimage"},"thumbnailUrl":"https:\/\/costablancaup.com\/wp-content\/uploads\/2019\/06\/fcsj2019.jpg","datePublished":"2019-06-04T08:03:04+00:00","dateModified":"2019-06-04T08:09:02+00:00","breadcrumb":{"@id":"https:\/\/costablancaup.com\/es\/festival-de-cine-de-sant-joan-de-alacant\/#breadcrumb"},"inLanguage":"es","potentialAction":[{"@type":"ReadAction","target":["https:\/\/costablancaup.com\/es\/festival-de-cine-de-sant-joan-de-alacant\/"]}]},{"@type":"ImageObject","inLanguage":"es","@id":"https:\/\/costablancaup.com\/es\/festival-de-cine-de-sant-joan-de-alacant\/#primaryimage","url":"https:\/\/costablancaup.com\/wp-content\/uploads\/2019\/06\/fcsj2019.jpg","contentUrl":"https:\/\/costablancaup.com\/wp-content\/uploads\/2019\/06\/fcsj2019.jpg","width":800,"height":494,"caption":"Festival de cine de Sant Joan de Alacant 2019"},{"@type":"BreadcrumbList","@id":"https:\/\/costablancaup.com\/es\/festival-de-cine-de-sant-joan-de-alacant\/#breadcrumb","itemListElement":[{"@type":"ListItem","position":1,"name":"Home","item":"https:\/\/costablancaup.com\/es\/"},{"@type":"ListItem","position":2,"name":"\u00abFestival de cine de Sant Joan de Alacant\u00bb"}]},{"@type":"WebSite","@id":"https:\/\/costablancaup.com\/es\/#website","url":"https:\/\/costablancaup.com\/es\/","name":"COSTA BLANCA UP","description":"Costa Blanca Events and Agenda","publisher":{"@id":"https:\/\/costablancaup.com\/es\/#organization"},"potentialAction":[{"@type":"SearchAction","target":{"@type":"EntryPoint","urlTemplate":"https:\/\/costablancaup.com\/es\/?s={search_term_string}"},"query-input":{"@type":"PropertyValueSpecification","valueRequired":true,"valueName":"search_term_string"}}],"inLanguage":"es"},{"@type":"Organization","@id":"https:\/\/costablancaup.com\/es\/#organization","name":"Costa Blanca Up","url":"https:\/\/costablancaup.com\/es\/","logo":{"@type":"ImageObject","inLanguage":"es","@id":"https:\/\/costablancaup.com\/es\/#\/schema\/logo\/image\/","url":"https:\/\/costablancaup.com\/wp-content\/uploads\/2018\/07\/titulo_web-1.png","contentUrl":"https:\/\/costablancaup.com\/wp-content\/uploads\/2018\/07\/titulo_web-1.png","width":1973,"height":303,"caption":"Costa Blanca Up"},"image":{"@id":"https:\/\/costablancaup.com\/es\/#\/schema\/logo\/image\/"}},{"@type":"Person","@id":"https:\/\/costablancaup.com\/es\/#\/schema\/person\/a4a0ee1ba74dae33c5d59d6279cd9489","name":"jas_admin","image":{"@type":"ImageObject","inLanguage":"es","@id":"https:\/\/secure.gravatar.com\/avatar\/d5a1282fae1020d8b4f7a1b95dac31c3c08f7dfd0a06b2ba5aa24fa117526f78?s=96&d=mm&r=g","url":"https:\/\/secure.gravatar.com\/avatar\/d5a1282fae1020d8b4f7a1b95dac31c3c08f7dfd0a06b2ba5aa24fa117526f78?s=96&d=mm&r=g","contentUrl":"https:\/\/secure.gravatar.com\/avatar\/d5a1282fae1020d8b4f7a1b95dac31c3c08f7dfd0a06b2ba5aa24fa117526f78?s=96&d=mm&r=g","caption":"jas_admin"}}]}},"_links":{"self":[{"href":"https:\/\/costablancaup.com\/es\/wp-json\/wp\/v2\/posts\/30785","targetHints":{"allow":["GET"]}}],"collection":[{"href":"https:\/\/costablancaup.com\/es\/wp-json\/wp\/v2\/posts"}],"about":[{"href":"https:\/\/costablancaup.com\/es\/wp-json\/wp\/v2\/types\/post"}],"author":[{"embeddable":true,"href":"https:\/\/costablancaup.com\/es\/wp-json\/wp\/v2\/users\/1"}],"replies":[{"embeddable":true,"href":"https:\/\/costablancaup.com\/es\/wp-json\/wp\/v2\/comments?post=30785"}],"version-history":[{"count":3,"href":"https:\/\/costablancaup.com\/es\/wp-json\/wp\/v2\/posts\/30785\/revisions"}],"predecessor-version":[{"id":30794,"href":"https:\/\/costablancaup.com\/es\/wp-json\/wp\/v2\/posts\/30785\/revisions\/30794"}],"wp:featuredmedia":[{"embeddable":true,"href":"https:\/\/costablancaup.com\/es\/wp-json\/wp\/v2\/media\/30786"}],"wp:attachment":[{"href":"https:\/\/costablancaup.com\/es\/wp-json\/wp\/v2\/media?parent=30785"}],"wp:term":[{"taxonomy":"category","embeddable":true,"href":"https:\/\/costablancaup.com\/es\/wp-json\/wp\/v2\/categories?post=30785"},{"taxonomy":"post_tag","embeddable":true,"href":"https:\/\/costablancaup.com\/es\/wp-json\/wp\/v2\/tags?post=30785"}],"curies":[{"name":"wp","href":"https:\/\/api.w.org\/{rel}","templated":true}]}}