{"id":37609,"date":"2019-11-28T15:47:06","date_gmt":"2019-11-28T14:47:06","guid":{"rendered":"https:\/\/costablancaup.com\/?p=37609"},"modified":"2019-11-28T15:47:06","modified_gmt":"2019-11-28T14:47:06","slug":"museo-de-alfareria-agost","status":"publish","type":"post","link":"https:\/\/costablancaup.com\/es\/museo-de-alfareria-agost\/","title":{"rendered":"Museo de Alfarer\u00eda (Agost)"},"content":{"rendered":"<p><img loading=\"lazy\" decoding=\"async\" src=\"https:\/\/costablancaup.com\/wp-content\/uploads\/2019\/11\/museo-alfareria-agost.jpg\" alt=\"Museo de Alfarer\u00eda (Agost)\" width=\"800\" height=\"521\" class=\"aligncenter size-full wp-image-38184\" srcset=\"https:\/\/costablancaup.com\/wp-content\/uploads\/2019\/11\/museo-alfareria-agost.jpg 800w, https:\/\/costablancaup.com\/wp-content\/uploads\/2019\/11\/museo-alfareria-agost-300x195.jpg 300w, https:\/\/costablancaup.com\/wp-content\/uploads\/2019\/11\/museo-alfareria-agost-768x500.jpg 768w, https:\/\/costablancaup.com\/wp-content\/uploads\/2019\/11\/museo-alfareria-agost-400x261.jpg 400w\" sizes=\"auto, (max-width: 800px) 100vw, 800px\" \/><br \/>\n<\/p>\n<div class=\"piefoto\">Por museoagost.com<\/div>\n<p><\/p>\n<p>El museo recoge la amplia colecci\u00f3n de objetos de uso cotidiano realizados en Agost en los \u00faltimos dos siglos, as\u00ed como el proceso de elaboraci\u00f3n de la cer\u00e1mica, viviendo la experiencia de entrar a un \u201chorno \u00e1rabe\u201d, la zona de los tornos de alfarero o las balsas de decantaci\u00f3n de la arcilla.\u00a0\u00a0<\/p>\n<h3>Horarios<\/h3>\n<ul>\n<li>Martes a s\u00e1bado: de 9:00 a 15:00 horas.<\/li>\n<li>Domingos: de 10:00 a 14:00 horas.<\/li>\n<li>Festivos: consultar horario.<\/li>\n<\/ul>\n<h3>Localizaci\u00f3n<\/h3>\n\r\n            \r\n            \r\n            \r\n            <a name='map253'><\/a>\r\n            \r\n            \r\n            \r\n            \r\n            <div class=\"wpgmza_map \"  id=\"wpgmza_map_253\" style=\"display:block; overflow:auto; width:100%; height:400px; float:left;\" data-settings='{\"id\":\"253\",\"map_title\":\"Museo de Alfarer\\u00eda (Agost)\",\"map_width\":\"100\",\"map_height\":\"400\",\"map_start_lat\":\"38.441486\",\"map_start_lng\":\"-0.640400\",\"map_start_location\":\"38.44148635831048,-0.6403997447856491\",\"map_start_zoom\":\"17\",\"default_marker\":\"0\",\"type\":\"1\",\"alignment\":\"1\",\"directions_enabled\":\"0\",\"styling_enabled\":\"0\",\"styling_json\":\"\",\"active\":\"0\",\"kml\":\"\",\"bicycle\":\"0\",\"traffic\":\"0\",\"dbox\":\"1\",\"dbox_width\":\"100\",\"listmarkers\":\"0\",\"listmarkers_advanced\":\"0\",\"filterbycat\":\"0\",\"ugm_enabled\":\"0\",\"ugm_category_enabled\":\"0\",\"fusion\":\"\",\"map_width_type\":\"\\\\%\",\"map_height_type\":\"px\",\"mass_marker_support\":\"0\",\"ugm_access\":\"0\",\"order_markers_by\":\"1\",\"order_markers_choice\":\"2\",\"show_user_location\":\"2\",\"default_to\":\"\",\"other_settings\":{\"store_locator_style\":\"legacy\",\"wpgmza_store_locator_radius_style\":\"legacy\",\"directions_box_style\":\"modern\",\"wpgmza_dbox_width_type\":\"%\",\"map_max_zoom\":\"3\",\"override_users_location_zoom_levels\":\"\",\"map_min_zoom\":\"21\",\"sl_stroke_color\":\"\",\"sl_stroke_opacity\":\"\",\"sl_fill_color\":\"\",\"sl_fill_opacity\":\"\",\"automatically_pan_to_users_location\":0,\"override_users_location_zoom_level\":0,\"click_open_link\":2,\"hide_point_of_interest\":false,\"wpgmza_auto_night\":0,\"transport_layer\":0,\"iw_primary_color\":\"2A3744\",\"iw_accent_color\":\"252F3A\",\"iw_text_color\":\"FFFFFF\",\"wpgmza_iw_type\":\"0\",\"list_markers_by\":\"0\",\"push_in_map\":\"\",\"push_in_map_placement\":\"9\",\"wpgmza_push_in_map_width\":\"\",\"wpgmza_push_in_map_height\":\"\",\"wpgmza_theme_data\":\"\",\"upload_default_ul_marker\":\"\",\"upload_default_sl_marker\":\"\",\"shortcodeAttributes\":{\"id\":\"253\"}}}' data-map-id='253' data-shortcode-attributes='{\"id\":\"253\"}'> <\/div>\r\n            \r\n               \r\n        \n","protected":false},"excerpt":{"rendered":"<p>El museo recoge la amplia colecci\u00f3n de objetos de uso cotidiano realizados en Agost en los \u00faltimos dos siglos, as\u00ed como el proceso de elaboraci\u00f3n de la cer\u00e1mica, viviendo la experiencia de entrar a un \u201chorno \u00e1rabe\u201d, la zona de los tornos de alfarero o las balsas de decantaci\u00f3n de la arcilla.\u00a0\u00a0 Horarios Martes a s\u00e1bado: de 9:00 a 15:00 horas. Domingos: de 10:00 a 14:00 horas. Festivos: consultar horario. Localizaci\u00f3n<\/p>\n","protected":false},"author":1,"featured_media":38184,"comment_status":"open","ping_status":"closed","sticky":false,"template":"","format":"standard","meta":{"footnotes":""},"categories":[5929],"tags":[5923],"class_list":["post-37609","post","type-post","status-publish","format-standard","has-post-thumbnail","hentry","category-museos","tag-agost"],"yoast_head":"<!-- This site is optimized with the Yoast SEO plugin v27.5 - https:\/\/yoast.com\/product\/yoast-seo-wordpress\/ -->\n<title>COSTA BLANCA UP - Museo de Alfarer\u00eda (Agost)<\/title>\n<meta name=\"robots\" content=\"index, follow, max-snippet:-1, max-image-preview:large, max-video-preview:-1\" \/>\n<link rel=\"canonical\" href=\"https:\/\/costablancaup.com\/es\/museo-de-alfareria-agost\/\" \/>\n<meta property=\"og:locale\" content=\"es_ES\" \/>\n<meta property=\"og:type\" content=\"article\" \/>\n<meta property=\"og:title\" content=\"COSTA BLANCA UP - Museo de Alfarer\u00eda (Agost)\" \/>\n<meta property=\"og:description\" content=\"El museo recoge la amplia colecci\u00f3n de objetos de uso cotidiano realizados en Agost en los \u00faltimos dos siglos, as\u00ed como el proceso de elaboraci\u00f3n de la cer\u00e1mica, viviendo la experiencia de entrar a un \u201chorno \u00e1rabe\u201d, la zona de los tornos de alfarero o las balsas de decantaci\u00f3n de la arcilla.\u00a0\u00a0 Horarios Martes a s\u00e1bado: de 9:00 a 15:00 horas. Domingos: de 10:00 a 14:00 horas. Festivos: consultar horario. Localizaci\u00f3n\" \/>\n<meta property=\"og:url\" content=\"https:\/\/costablancaup.com\/es\/museo-de-alfareria-agost\/\" \/>\n<meta property=\"og:site_name\" content=\"COSTA BLANCA UP\" \/>\n<meta property=\"article:published_time\" content=\"2019-11-28T14:47:06+00:00\" \/>\n<meta property=\"og:image\" content=\"https:\/\/costablancaup.com\/wp-content\/uploads\/2019\/11\/museo-alfareria-agost.jpg\" \/>\n\t<meta property=\"og:image:width\" content=\"800\" \/>\n\t<meta property=\"og:image:height\" content=\"521\" \/>\n\t<meta property=\"og:image:type\" content=\"image\/jpeg\" \/>\n<meta name=\"author\" content=\"jas_admin\" \/>\n<meta name=\"twitter:card\" content=\"summary_large_image\" \/>\n<meta name=\"twitter:label1\" content=\"Escrito por\" \/>\n\t<meta name=\"twitter:data1\" content=\"jas_admin\" \/>\n<script type=\"application\/ld+json\" class=\"yoast-schema-graph\">{\"@context\":\"https:\\\/\\\/schema.org\",\"@graph\":[{\"@type\":\"Article\",\"@id\":\"https:\\\/\\\/costablancaup.com\\\/es\\\/museo-de-alfareria-agost\\\/#article\",\"isPartOf\":{\"@id\":\"https:\\\/\\\/costablancaup.com\\\/es\\\/museo-de-alfareria-agost\\\/\"},\"author\":{\"name\":\"jas_admin\",\"@id\":\"https:\\\/\\\/costablancaup.com\\\/es\\\/#\\\/schema\\\/person\\\/a4a0ee1ba74dae33c5d59d6279cd9489\"},\"headline\":\"Museo de Alfarer\u00eda (Agost)\",\"datePublished\":\"2019-11-28T14:47:06+00:00\",\"mainEntityOfPage\":{\"@id\":\"https:\\\/\\\/costablancaup.com\\\/es\\\/museo-de-alfareria-agost\\\/\"},\"wordCount\":85,\"commentCount\":0,\"publisher\":{\"@id\":\"https:\\\/\\\/costablancaup.com\\\/es\\\/#organization\"},\"image\":{\"@id\":\"https:\\\/\\\/costablancaup.com\\\/es\\\/museo-de-alfareria-agost\\\/#primaryimage\"},\"thumbnailUrl\":\"https:\\\/\\\/costablancaup.com\\\/wp-content\\\/uploads\\\/2019\\\/11\\\/museo-alfareria-agost.jpg\",\"keywords\":[\"Agost\"],\"articleSection\":[\"Museos\"],\"inLanguage\":\"es\",\"potentialAction\":[{\"@type\":\"CommentAction\",\"name\":\"Comment\",\"target\":[\"https:\\\/\\\/costablancaup.com\\\/es\\\/museo-de-alfareria-agost\\\/#respond\"]}]},{\"@type\":\"WebPage\",\"@id\":\"https:\\\/\\\/costablancaup.com\\\/es\\\/museo-de-alfareria-agost\\\/\",\"url\":\"https:\\\/\\\/costablancaup.com\\\/es\\\/museo-de-alfareria-agost\\\/\",\"name\":\"COSTA BLANCA UP - Museo de Alfarer\u00eda (Agost)\",\"isPartOf\":{\"@id\":\"https:\\\/\\\/costablancaup.com\\\/es\\\/#website\"},\"primaryImageOfPage\":{\"@id\":\"https:\\\/\\\/costablancaup.com\\\/es\\\/museo-de-alfareria-agost\\\/#primaryimage\"},\"image\":{\"@id\":\"https:\\\/\\\/costablancaup.com\\\/es\\\/museo-de-alfareria-agost\\\/#primaryimage\"},\"thumbnailUrl\":\"https:\\\/\\\/costablancaup.com\\\/wp-content\\\/uploads\\\/2019\\\/11\\\/museo-alfareria-agost.jpg\",\"datePublished\":\"2019-11-28T14:47:06+00:00\",\"breadcrumb\":{\"@id\":\"https:\\\/\\\/costablancaup.com\\\/es\\\/museo-de-alfareria-agost\\\/#breadcrumb\"},\"inLanguage\":\"es\",\"potentialAction\":[{\"@type\":\"ReadAction\",\"target\":[\"https:\\\/\\\/costablancaup.com\\\/es\\\/museo-de-alfareria-agost\\\/\"]}]},{\"@type\":\"ImageObject\",\"inLanguage\":\"es\",\"@id\":\"https:\\\/\\\/costablancaup.com\\\/es\\\/museo-de-alfareria-agost\\\/#primaryimage\",\"url\":\"https:\\\/\\\/costablancaup.com\\\/wp-content\\\/uploads\\\/2019\\\/11\\\/museo-alfareria-agost.jpg\",\"contentUrl\":\"https:\\\/\\\/costablancaup.com\\\/wp-content\\\/uploads\\\/2019\\\/11\\\/museo-alfareria-agost.jpg\",\"width\":800,\"height\":521,\"caption\":\"Museo de Alfarer\u00eda (Agost)\"},{\"@type\":\"BreadcrumbList\",\"@id\":\"https:\\\/\\\/costablancaup.com\\\/es\\\/museo-de-alfareria-agost\\\/#breadcrumb\",\"itemListElement\":[{\"@type\":\"ListItem\",\"position\":1,\"name\":\"Home\",\"item\":\"https:\\\/\\\/costablancaup.com\\\/es\\\/\"},{\"@type\":\"ListItem\",\"position\":2,\"name\":\"Museo de Alfarer\u00eda (Agost)\"}]},{\"@type\":\"WebSite\",\"@id\":\"https:\\\/\\\/costablancaup.com\\\/es\\\/#website\",\"url\":\"https:\\\/\\\/costablancaup.com\\\/es\\\/\",\"name\":\"COSTA BLANCA UP\",\"description\":\"Costa Blanca Events and Agenda\",\"publisher\":{\"@id\":\"https:\\\/\\\/costablancaup.com\\\/es\\\/#organization\"},\"potentialAction\":[{\"@type\":\"SearchAction\",\"target\":{\"@type\":\"EntryPoint\",\"urlTemplate\":\"https:\\\/\\\/costablancaup.com\\\/es\\\/?s={search_term_string}\"},\"query-input\":{\"@type\":\"PropertyValueSpecification\",\"valueRequired\":true,\"valueName\":\"search_term_string\"}}],\"inLanguage\":\"es\"},{\"@type\":\"Organization\",\"@id\":\"https:\\\/\\\/costablancaup.com\\\/es\\\/#organization\",\"name\":\"Costa Blanca Up\",\"url\":\"https:\\\/\\\/costablancaup.com\\\/es\\\/\",\"logo\":{\"@type\":\"ImageObject\",\"inLanguage\":\"es\",\"@id\":\"https:\\\/\\\/costablancaup.com\\\/es\\\/#\\\/schema\\\/logo\\\/image\\\/\",\"url\":\"https:\\\/\\\/costablancaup.com\\\/wp-content\\\/uploads\\\/2018\\\/07\\\/titulo_web-1.png\",\"contentUrl\":\"https:\\\/\\\/costablancaup.com\\\/wp-content\\\/uploads\\\/2018\\\/07\\\/titulo_web-1.png\",\"width\":1973,\"height\":303,\"caption\":\"Costa Blanca Up\"},\"image\":{\"@id\":\"https:\\\/\\\/costablancaup.com\\\/es\\\/#\\\/schema\\\/logo\\\/image\\\/\"}},{\"@type\":\"Person\",\"@id\":\"https:\\\/\\\/costablancaup.com\\\/es\\\/#\\\/schema\\\/person\\\/a4a0ee1ba74dae33c5d59d6279cd9489\",\"name\":\"jas_admin\",\"image\":{\"@type\":\"ImageObject\",\"inLanguage\":\"es\",\"@id\":\"https:\\\/\\\/secure.gravatar.com\\\/avatar\\\/d5a1282fae1020d8b4f7a1b95dac31c3c08f7dfd0a06b2ba5aa24fa117526f78?s=96&d=mm&r=g\",\"url\":\"https:\\\/\\\/secure.gravatar.com\\\/avatar\\\/d5a1282fae1020d8b4f7a1b95dac31c3c08f7dfd0a06b2ba5aa24fa117526f78?s=96&d=mm&r=g\",\"contentUrl\":\"https:\\\/\\\/secure.gravatar.com\\\/avatar\\\/d5a1282fae1020d8b4f7a1b95dac31c3c08f7dfd0a06b2ba5aa24fa117526f78?s=96&d=mm&r=g\",\"caption\":\"jas_admin\"}}]}<\/script>\n<!-- \/ Yoast SEO plugin. -->","yoast_head_json":{"title":"COSTA BLANCA UP - Museo de Alfarer\u00eda (Agost)","robots":{"index":"index","follow":"follow","max-snippet":"max-snippet:-1","max-image-preview":"max-image-preview:large","max-video-preview":"max-video-preview:-1"},"canonical":"https:\/\/costablancaup.com\/es\/museo-de-alfareria-agost\/","og_locale":"es_ES","og_type":"article","og_title":"COSTA BLANCA UP - Museo de Alfarer\u00eda (Agost)","og_description":"El museo recoge la amplia colecci\u00f3n de objetos de uso cotidiano realizados en Agost en los \u00faltimos dos siglos, as\u00ed como el proceso de elaboraci\u00f3n de la cer\u00e1mica, viviendo la experiencia de entrar a un \u201chorno \u00e1rabe\u201d, la zona de los tornos de alfarero o las balsas de decantaci\u00f3n de la arcilla.\u00a0\u00a0 Horarios Martes a s\u00e1bado: de 9:00 a 15:00 horas. Domingos: de 10:00 a 14:00 horas. Festivos: consultar horario. Localizaci\u00f3n","og_url":"https:\/\/costablancaup.com\/es\/museo-de-alfareria-agost\/","og_site_name":"COSTA BLANCA UP","article_published_time":"2019-11-28T14:47:06+00:00","og_image":[{"width":800,"height":521,"url":"https:\/\/costablancaup.com\/wp-content\/uploads\/2019\/11\/museo-alfareria-agost.jpg","type":"image\/jpeg"}],"author":"jas_admin","twitter_card":"summary_large_image","twitter_misc":{"Escrito por":"jas_admin"},"schema":{"@context":"https:\/\/schema.org","@graph":[{"@type":"Article","@id":"https:\/\/costablancaup.com\/es\/museo-de-alfareria-agost\/#article","isPartOf":{"@id":"https:\/\/costablancaup.com\/es\/museo-de-alfareria-agost\/"},"author":{"name":"jas_admin","@id":"https:\/\/costablancaup.com\/es\/#\/schema\/person\/a4a0ee1ba74dae33c5d59d6279cd9489"},"headline":"Museo de Alfarer\u00eda (Agost)","datePublished":"2019-11-28T14:47:06+00:00","mainEntityOfPage":{"@id":"https:\/\/costablancaup.com\/es\/museo-de-alfareria-agost\/"},"wordCount":85,"commentCount":0,"publisher":{"@id":"https:\/\/costablancaup.com\/es\/#organization"},"image":{"@id":"https:\/\/costablancaup.com\/es\/museo-de-alfareria-agost\/#primaryimage"},"thumbnailUrl":"https:\/\/costablancaup.com\/wp-content\/uploads\/2019\/11\/museo-alfareria-agost.jpg","keywords":["Agost"],"articleSection":["Museos"],"inLanguage":"es","potentialAction":[{"@type":"CommentAction","name":"Comment","target":["https:\/\/costablancaup.com\/es\/museo-de-alfareria-agost\/#respond"]}]},{"@type":"WebPage","@id":"https:\/\/costablancaup.com\/es\/museo-de-alfareria-agost\/","url":"https:\/\/costablancaup.com\/es\/museo-de-alfareria-agost\/","name":"COSTA BLANCA UP - Museo de Alfarer\u00eda (Agost)","isPartOf":{"@id":"https:\/\/costablancaup.com\/es\/#website"},"primaryImageOfPage":{"@id":"https:\/\/costablancaup.com\/es\/museo-de-alfareria-agost\/#primaryimage"},"image":{"@id":"https:\/\/costablancaup.com\/es\/museo-de-alfareria-agost\/#primaryimage"},"thumbnailUrl":"https:\/\/costablancaup.com\/wp-content\/uploads\/2019\/11\/museo-alfareria-agost.jpg","datePublished":"2019-11-28T14:47:06+00:00","breadcrumb":{"@id":"https:\/\/costablancaup.com\/es\/museo-de-alfareria-agost\/#breadcrumb"},"inLanguage":"es","potentialAction":[{"@type":"ReadAction","target":["https:\/\/costablancaup.com\/es\/museo-de-alfareria-agost\/"]}]},{"@type":"ImageObject","inLanguage":"es","@id":"https:\/\/costablancaup.com\/es\/museo-de-alfareria-agost\/#primaryimage","url":"https:\/\/costablancaup.com\/wp-content\/uploads\/2019\/11\/museo-alfareria-agost.jpg","contentUrl":"https:\/\/costablancaup.com\/wp-content\/uploads\/2019\/11\/museo-alfareria-agost.jpg","width":800,"height":521,"caption":"Museo de Alfarer\u00eda (Agost)"},{"@type":"BreadcrumbList","@id":"https:\/\/costablancaup.com\/es\/museo-de-alfareria-agost\/#breadcrumb","itemListElement":[{"@type":"ListItem","position":1,"name":"Home","item":"https:\/\/costablancaup.com\/es\/"},{"@type":"ListItem","position":2,"name":"Museo de Alfarer\u00eda (Agost)"}]},{"@type":"WebSite","@id":"https:\/\/costablancaup.com\/es\/#website","url":"https:\/\/costablancaup.com\/es\/","name":"COSTA BLANCA UP","description":"Costa Blanca Events and Agenda","publisher":{"@id":"https:\/\/costablancaup.com\/es\/#organization"},"potentialAction":[{"@type":"SearchAction","target":{"@type":"EntryPoint","urlTemplate":"https:\/\/costablancaup.com\/es\/?s={search_term_string}"},"query-input":{"@type":"PropertyValueSpecification","valueRequired":true,"valueName":"search_term_string"}}],"inLanguage":"es"},{"@type":"Organization","@id":"https:\/\/costablancaup.com\/es\/#organization","name":"Costa Blanca Up","url":"https:\/\/costablancaup.com\/es\/","logo":{"@type":"ImageObject","inLanguage":"es","@id":"https:\/\/costablancaup.com\/es\/#\/schema\/logo\/image\/","url":"https:\/\/costablancaup.com\/wp-content\/uploads\/2018\/07\/titulo_web-1.png","contentUrl":"https:\/\/costablancaup.com\/wp-content\/uploads\/2018\/07\/titulo_web-1.png","width":1973,"height":303,"caption":"Costa Blanca Up"},"image":{"@id":"https:\/\/costablancaup.com\/es\/#\/schema\/logo\/image\/"}},{"@type":"Person","@id":"https:\/\/costablancaup.com\/es\/#\/schema\/person\/a4a0ee1ba74dae33c5d59d6279cd9489","name":"jas_admin","image":{"@type":"ImageObject","inLanguage":"es","@id":"https:\/\/secure.gravatar.com\/avatar\/d5a1282fae1020d8b4f7a1b95dac31c3c08f7dfd0a06b2ba5aa24fa117526f78?s=96&d=mm&r=g","url":"https:\/\/secure.gravatar.com\/avatar\/d5a1282fae1020d8b4f7a1b95dac31c3c08f7dfd0a06b2ba5aa24fa117526f78?s=96&d=mm&r=g","contentUrl":"https:\/\/secure.gravatar.com\/avatar\/d5a1282fae1020d8b4f7a1b95dac31c3c08f7dfd0a06b2ba5aa24fa117526f78?s=96&d=mm&r=g","caption":"jas_admin"}}]}},"_links":{"self":[{"href":"https:\/\/costablancaup.com\/es\/wp-json\/wp\/v2\/posts\/37609","targetHints":{"allow":["GET"]}}],"collection":[{"href":"https:\/\/costablancaup.com\/es\/wp-json\/wp\/v2\/posts"}],"about":[{"href":"https:\/\/costablancaup.com\/es\/wp-json\/wp\/v2\/types\/post"}],"author":[{"embeddable":true,"href":"https:\/\/costablancaup.com\/es\/wp-json\/wp\/v2\/users\/1"}],"replies":[{"embeddable":true,"href":"https:\/\/costablancaup.com\/es\/wp-json\/wp\/v2\/comments?post=37609"}],"version-history":[{"count":5,"href":"https:\/\/costablancaup.com\/es\/wp-json\/wp\/v2\/posts\/37609\/revisions"}],"predecessor-version":[{"id":38339,"href":"https:\/\/costablancaup.com\/es\/wp-json\/wp\/v2\/posts\/37609\/revisions\/38339"}],"wp:featuredmedia":[{"embeddable":true,"href":"https:\/\/costablancaup.com\/es\/wp-json\/wp\/v2\/media\/38184"}],"wp:attachment":[{"href":"https:\/\/costablancaup.com\/es\/wp-json\/wp\/v2\/media?parent=37609"}],"wp:term":[{"taxonomy":"category","embeddable":true,"href":"https:\/\/costablancaup.com\/es\/wp-json\/wp\/v2\/categories?post=37609"},{"taxonomy":"post_tag","embeddable":true,"href":"https:\/\/costablancaup.com\/es\/wp-json\/wp\/v2\/tags?post=37609"}],"curies":[{"name":"wp","href":"https:\/\/api.w.org\/{rel}","templated":true}]}}