{"id":42870,"date":"2020-07-08T10:14:12","date_gmt":"2020-07-08T08:14:12","guid":{"rendered":"https:\/\/costablancaup.com\/?p=42870"},"modified":"2021-07-21T12:31:12","modified_gmt":"2021-07-21T10:31:12","slug":"calzado-bolsos-y-complementos-en-salvador-artesano","status":"publish","type":"post","link":"https:\/\/costablancaup.com\/es\/calzado-bolsos-y-complementos-en-salvador-artesano\/","title":{"rendered":"Calzado, bolsos y complementos en \u00abSalvador Artesano\u00bb (Elche)"},"content":{"rendered":"<p><img loading=\"lazy\" decoding=\"async\" src=\"https:\/\/costablancaup.com\/wp-content\/uploads\/2020\/04\/visita-salvador-artesano.jpg\" alt=\"Calzado, bolsos y complementos en Salvador Artesano\" width=\"1024\" height=\"597\" class=\"aligncenter size-full wp-image-42872\" srcset=\"https:\/\/costablancaup.com\/wp-content\/uploads\/2020\/04\/visita-salvador-artesano.jpg 1024w, https:\/\/costablancaup.com\/wp-content\/uploads\/2020\/04\/visita-salvador-artesano-300x175.jpg 300w, https:\/\/costablancaup.com\/wp-content\/uploads\/2020\/04\/visita-salvador-artesano-768x448.jpg 768w, https:\/\/costablancaup.com\/wp-content\/uploads\/2020\/04\/visita-salvador-artesano-400x233.jpg 400w\" sizes=\"auto, (max-width: 1024px) 100vw, 1024px\" \/><\/p>\n<\/p>\n<div class=\"piefoto\">Por salvadorartesano.com<\/div>\n<p>\n<h2>Visite la F\u00e1brica-Tienda de calzado m\u00e1s grande de Europa, donde podr\u00e1 encontrar una gran gama de art\u00edculos. La tienda de <em>Salvador Artesano<\/em> se encuentra ubicada en la localidad alicantina de Elche.<\/h2>\n<p>En las instalaciones de <em>Salvador Artesano<\/em> podr\u00e1 ver <em>in situ<\/em> como se fabrica el calzado. Despu\u00e9s podr\u00e1 realizar sus compras de calzado de se\u00f1ora, caballero, ni\u00f1o, deportes, bolsos y complementos; siempre a precios incre\u00edbles.<\/p>\n<p>La entrada a la F\u00e1brica-Tienda-Museo es gratuita. Si vienen acompa\u00f1ados de ni\u00f1os, tambi\u00e9n disponen de juegos infantiles.<\/p>\n<p>Adem\u00e1s, todas las visitas incluyen una degustaci\u00f3n del vino dulce t\u00edpico de Elche.<\/p>\n<h3>Horarios<\/h3>\n<ul>\n<li>De lunes a viernes: de 9:30 a 14:30 y de 15:30 a 20:00 horas.<\/li>\n<li>S\u00e1bados: de 10:00 a 15:00 y de 16:00 a 20:00 horas.<\/li>\n<\/ul>\n<p class=\"tickets\"><a target=\"_blank\" title=\"Ampliar informaci\u00f3n y reservar\" href=\"https:\/\/salvadorartesano.com\/visitas-guiadas\/\" rel=\"noopener noreferrer\">Ampliar informaci\u00f3n y reservar<\/a><\/p>\n<p>&nbsp;<\/p>\n<p><img loading=\"lazy\" decoding=\"async\" src=\"https:\/\/costablancaup.com\/wp-content\/uploads\/2020\/04\/visita-salvador-artesano-2.jpg\" alt=\"Visitas a la F\u00e1brica-Tienda de Salvador Artesano\" width=\"1024\" height=\"541\" class=\"aligncenter size-full wp-image-42875\" srcset=\"https:\/\/costablancaup.com\/wp-content\/uploads\/2020\/04\/visita-salvador-artesano-2.jpg 1024w, https:\/\/costablancaup.com\/wp-content\/uploads\/2020\/04\/visita-salvador-artesano-2-300x158.jpg 300w, https:\/\/costablancaup.com\/wp-content\/uploads\/2020\/04\/visita-salvador-artesano-2-768x406.jpg 768w, https:\/\/costablancaup.com\/wp-content\/uploads\/2020\/04\/visita-salvador-artesano-2-400x211.jpg 400w\" sizes=\"auto, (max-width: 1024px) 100vw, 1024px\" \/><\/p>\n<h3>Localizaci\u00f3n<\/h3>\n\r\n            \r\n            \r\n            \r\n            <a name='map309'><\/a>\r\n            \r\n            \r\n            \r\n            \r\n            <div class=\"wpgmza_map \"  id=\"wpgmza_map_309\" style=\"display:block; overflow:auto; width:100%; height:400px; float:left;\" data-settings='{\"id\":\"309\",\"map_title\":\"Tienda-F\\u00e1brica Salvador Artesano (Elche)\",\"map_width\":\"100\",\"map_height\":\"400\",\"map_start_lat\":\"38.263800\",\"map_start_lng\":\"-0.727317\",\"map_start_location\":\"38.26380016865087,-0.7273170075808522\",\"map_start_zoom\":\"14\",\"default_marker\":\"0\",\"type\":\"1\",\"alignment\":\"1\",\"directions_enabled\":\"0\",\"styling_enabled\":\"0\",\"styling_json\":\"\",\"active\":\"0\",\"kml\":\"\",\"bicycle\":\"0\",\"traffic\":\"0\",\"dbox\":\"1\",\"dbox_width\":\"100\",\"listmarkers\":\"0\",\"listmarkers_advanced\":\"0\",\"filterbycat\":\"0\",\"ugm_enabled\":\"0\",\"ugm_category_enabled\":\"0\",\"fusion\":\"\",\"map_width_type\":\"\\\\%\",\"map_height_type\":\"px\",\"mass_marker_support\":\"0\",\"ugm_access\":\"0\",\"order_markers_by\":\"1\",\"order_markers_choice\":\"2\",\"show_user_location\":\"2\",\"default_to\":\"\",\"other_settings\":{\"store_locator_style\":\"legacy\",\"wpgmza_store_locator_radius_style\":\"legacy\",\"directions_box_style\":\"modern\",\"wpgmza_dbox_width_type\":\"%\",\"map_max_zoom\":\"3\",\"map_min_zoom\":\"21\",\"sl_stroke_color\":\"\",\"sl_stroke_opacity\":\"\",\"sl_fill_color\":\"\",\"sl_fill_opacity\":\"\",\"automatically_pan_to_users_location\":0,\"override_users_location_zoom_level\":0,\"click_open_link\":2,\"hide_point_of_interest\":false,\"wpgmza_auto_night\":0,\"transport_layer\":0,\"iw_primary_color\":\"2A3744\",\"iw_accent_color\":\"252F3A\",\"iw_text_color\":\"FFFFFF\",\"wpgmza_iw_type\":\"0\",\"list_markers_by\":\"0\",\"push_in_map\":\"\",\"push_in_map_placement\":\"9\",\"wpgmza_push_in_map_width\":\"\",\"wpgmza_push_in_map_height\":\"\",\"wpgmza_theme_data\":\"\",\"upload_default_ul_marker\":\"\",\"upload_default_sl_marker\":\"\",\"shortcodeAttributes\":{\"id\":\"309\"}}}' data-map-id='309' data-shortcode-attributes='{\"id\":\"309\"}'> <\/div>\r\n            \r\n               \r\n        \n","protected":false},"excerpt":{"rendered":"<p>Visite la F\u00e1brica-Tienda de calzado m\u00e1s grande de Europa, donde podr\u00e1 encontrar una gran gama de art\u00edculos. La tienda de Salvador Artesano se encuentra ubicada en la localidad alicantina de Elche. En las instalaciones de Salvador Artesano podr\u00e1 ver in situ como se fabrica el calzado. Despu\u00e9s podr\u00e1 realizar sus compras de calzado de se\u00f1ora, caballero, ni\u00f1o, deportes, bolsos y complementos; siempre a precios incre\u00edbles. La entrada a la F\u00e1brica-Tienda-Museo es gratuita. Si vienen acompa\u00f1ados de ni\u00f1os, tambi\u00e9n disponen de juegos infantiles. Adem\u00e1s, todas las visitas incluyen una degustaci\u00f3n del vino dulce t\u00edpico de Elche. Horarios De lunes a viernes: [&hellip;]<\/p>\n","protected":false},"author":1,"featured_media":42872,"comment_status":"open","ping_status":"closed","sticky":false,"template":"","format":"standard","meta":{"footnotes":""},"categories":[6534,6374],"tags":[5117],"class_list":["post-42870","post","type-post","status-publish","format-standard","has-post-thumbnail","hentry","category-artesania","category-experiencias","tag-elche-es"],"yoast_head":"<!-- This site is optimized with the Yoast SEO plugin v27.4 - https:\/\/yoast.com\/product\/yoast-seo-wordpress\/ -->\n<title>COSTA BLANCA UP - Calzado, bolsos y complementos en &quot;Salvador Artesano&quot; (Elche)<\/title>\n<meta name=\"robots\" content=\"index, follow, max-snippet:-1, max-image-preview:large, max-video-preview:-1\" \/>\n<link rel=\"canonical\" href=\"https:\/\/costablancaup.com\/es\/calzado-bolsos-y-complementos-en-salvador-artesano\/\" \/>\n<meta property=\"og:locale\" content=\"es_ES\" \/>\n<meta property=\"og:type\" content=\"article\" \/>\n<meta property=\"og:title\" content=\"COSTA BLANCA UP - Calzado, bolsos y complementos en &quot;Salvador Artesano&quot; (Elche)\" \/>\n<meta property=\"og:description\" content=\"Visite la F\u00e1brica-Tienda de calzado m\u00e1s grande de Europa, donde podr\u00e1 encontrar una gran gama de art\u00edculos. La tienda de Salvador Artesano se encuentra ubicada en la localidad alicantina de Elche. En las instalaciones de Salvador Artesano podr\u00e1 ver in situ como se fabrica el calzado. Despu\u00e9s podr\u00e1 realizar sus compras de calzado de se\u00f1ora, caballero, ni\u00f1o, deportes, bolsos y complementos; siempre a precios incre\u00edbles. La entrada a la F\u00e1brica-Tienda-Museo es gratuita. Si vienen acompa\u00f1ados de ni\u00f1os, tambi\u00e9n disponen de juegos infantiles. Adem\u00e1s, todas las visitas incluyen una degustaci\u00f3n del vino dulce t\u00edpico de Elche. Horarios De lunes a viernes: [&hellip;]\" \/>\n<meta property=\"og:url\" content=\"https:\/\/costablancaup.com\/es\/calzado-bolsos-y-complementos-en-salvador-artesano\/\" \/>\n<meta property=\"og:site_name\" content=\"COSTA BLANCA UP\" \/>\n<meta property=\"article:published_time\" content=\"2020-07-08T08:14:12+00:00\" \/>\n<meta property=\"article:modified_time\" content=\"2021-07-21T10:31:12+00:00\" \/>\n<meta property=\"og:image\" content=\"https:\/\/costablancaup.com\/wp-content\/uploads\/2020\/04\/visita-salvador-artesano.jpg\" \/>\n\t<meta property=\"og:image:width\" content=\"1024\" \/>\n\t<meta property=\"og:image:height\" content=\"597\" \/>\n\t<meta property=\"og:image:type\" content=\"image\/jpeg\" \/>\n<meta name=\"author\" content=\"jas_admin\" \/>\n<meta name=\"twitter:card\" content=\"summary_large_image\" \/>\n<meta name=\"twitter:label1\" content=\"Escrito por\" \/>\n\t<meta name=\"twitter:data1\" content=\"jas_admin\" \/>\n\t<meta name=\"twitter:label2\" content=\"Tiempo de lectura\" \/>\n\t<meta name=\"twitter:data2\" content=\"1 minuto\" \/>\n<script type=\"application\/ld+json\" class=\"yoast-schema-graph\">{\"@context\":\"https:\\\/\\\/schema.org\",\"@graph\":[{\"@type\":\"Article\",\"@id\":\"https:\\\/\\\/costablancaup.com\\\/es\\\/calzado-bolsos-y-complementos-en-salvador-artesano\\\/#article\",\"isPartOf\":{\"@id\":\"https:\\\/\\\/costablancaup.com\\\/es\\\/calzado-bolsos-y-complementos-en-salvador-artesano\\\/\"},\"author\":{\"name\":\"jas_admin\",\"@id\":\"https:\\\/\\\/costablancaup.com\\\/es\\\/#\\\/schema\\\/person\\\/a4a0ee1ba74dae33c5d59d6279cd9489\"},\"headline\":\"Calzado, bolsos y complementos en \u00abSalvador Artesano\u00bb (Elche)\",\"datePublished\":\"2020-07-08T08:14:12+00:00\",\"dateModified\":\"2021-07-21T10:31:12+00:00\",\"mainEntityOfPage\":{\"@id\":\"https:\\\/\\\/costablancaup.com\\\/es\\\/calzado-bolsos-y-complementos-en-salvador-artesano\\\/\"},\"wordCount\":151,\"commentCount\":0,\"publisher\":{\"@id\":\"https:\\\/\\\/costablancaup.com\\\/es\\\/#organization\"},\"image\":{\"@id\":\"https:\\\/\\\/costablancaup.com\\\/es\\\/calzado-bolsos-y-complementos-en-salvador-artesano\\\/#primaryimage\"},\"thumbnailUrl\":\"https:\\\/\\\/costablancaup.com\\\/wp-content\\\/uploads\\\/2020\\\/04\\\/visita-salvador-artesano.jpg\",\"keywords\":[\"Elche\"],\"articleSection\":[\"Artesan\u00eda\",\"Experiencias\"],\"inLanguage\":\"es\",\"potentialAction\":[{\"@type\":\"CommentAction\",\"name\":\"Comment\",\"target\":[\"https:\\\/\\\/costablancaup.com\\\/es\\\/calzado-bolsos-y-complementos-en-salvador-artesano\\\/#respond\"]}]},{\"@type\":\"WebPage\",\"@id\":\"https:\\\/\\\/costablancaup.com\\\/es\\\/calzado-bolsos-y-complementos-en-salvador-artesano\\\/\",\"url\":\"https:\\\/\\\/costablancaup.com\\\/es\\\/calzado-bolsos-y-complementos-en-salvador-artesano\\\/\",\"name\":\"COSTA BLANCA UP - Calzado, bolsos y complementos en \\\"Salvador Artesano\\\" (Elche)\",\"isPartOf\":{\"@id\":\"https:\\\/\\\/costablancaup.com\\\/es\\\/#website\"},\"primaryImageOfPage\":{\"@id\":\"https:\\\/\\\/costablancaup.com\\\/es\\\/calzado-bolsos-y-complementos-en-salvador-artesano\\\/#primaryimage\"},\"image\":{\"@id\":\"https:\\\/\\\/costablancaup.com\\\/es\\\/calzado-bolsos-y-complementos-en-salvador-artesano\\\/#primaryimage\"},\"thumbnailUrl\":\"https:\\\/\\\/costablancaup.com\\\/wp-content\\\/uploads\\\/2020\\\/04\\\/visita-salvador-artesano.jpg\",\"datePublished\":\"2020-07-08T08:14:12+00:00\",\"dateModified\":\"2021-07-21T10:31:12+00:00\",\"breadcrumb\":{\"@id\":\"https:\\\/\\\/costablancaup.com\\\/es\\\/calzado-bolsos-y-complementos-en-salvador-artesano\\\/#breadcrumb\"},\"inLanguage\":\"es\",\"potentialAction\":[{\"@type\":\"ReadAction\",\"target\":[\"https:\\\/\\\/costablancaup.com\\\/es\\\/calzado-bolsos-y-complementos-en-salvador-artesano\\\/\"]}]},{\"@type\":\"ImageObject\",\"inLanguage\":\"es\",\"@id\":\"https:\\\/\\\/costablancaup.com\\\/es\\\/calzado-bolsos-y-complementos-en-salvador-artesano\\\/#primaryimage\",\"url\":\"https:\\\/\\\/costablancaup.com\\\/wp-content\\\/uploads\\\/2020\\\/04\\\/visita-salvador-artesano.jpg\",\"contentUrl\":\"https:\\\/\\\/costablancaup.com\\\/wp-content\\\/uploads\\\/2020\\\/04\\\/visita-salvador-artesano.jpg\",\"width\":1024,\"height\":597,\"caption\":\"Calzado, bolsos y complementos en Salvador Artesano\"},{\"@type\":\"BreadcrumbList\",\"@id\":\"https:\\\/\\\/costablancaup.com\\\/es\\\/calzado-bolsos-y-complementos-en-salvador-artesano\\\/#breadcrumb\",\"itemListElement\":[{\"@type\":\"ListItem\",\"position\":1,\"name\":\"Home\",\"item\":\"https:\\\/\\\/costablancaup.com\\\/es\\\/\"},{\"@type\":\"ListItem\",\"position\":2,\"name\":\"Calzado, bolsos y complementos en \u00abSalvador Artesano\u00bb (Elche)\"}]},{\"@type\":\"WebSite\",\"@id\":\"https:\\\/\\\/costablancaup.com\\\/es\\\/#website\",\"url\":\"https:\\\/\\\/costablancaup.com\\\/es\\\/\",\"name\":\"COSTA BLANCA UP\",\"description\":\"Costa Blanca Events and Agenda\",\"publisher\":{\"@id\":\"https:\\\/\\\/costablancaup.com\\\/es\\\/#organization\"},\"potentialAction\":[{\"@type\":\"SearchAction\",\"target\":{\"@type\":\"EntryPoint\",\"urlTemplate\":\"https:\\\/\\\/costablancaup.com\\\/es\\\/?s={search_term_string}\"},\"query-input\":{\"@type\":\"PropertyValueSpecification\",\"valueRequired\":true,\"valueName\":\"search_term_string\"}}],\"inLanguage\":\"es\"},{\"@type\":\"Organization\",\"@id\":\"https:\\\/\\\/costablancaup.com\\\/es\\\/#organization\",\"name\":\"Costa Blanca Up\",\"url\":\"https:\\\/\\\/costablancaup.com\\\/es\\\/\",\"logo\":{\"@type\":\"ImageObject\",\"inLanguage\":\"es\",\"@id\":\"https:\\\/\\\/costablancaup.com\\\/es\\\/#\\\/schema\\\/logo\\\/image\\\/\",\"url\":\"https:\\\/\\\/costablancaup.com\\\/wp-content\\\/uploads\\\/2018\\\/07\\\/titulo_web-1.png\",\"contentUrl\":\"https:\\\/\\\/costablancaup.com\\\/wp-content\\\/uploads\\\/2018\\\/07\\\/titulo_web-1.png\",\"width\":1973,\"height\":303,\"caption\":\"Costa Blanca Up\"},\"image\":{\"@id\":\"https:\\\/\\\/costablancaup.com\\\/es\\\/#\\\/schema\\\/logo\\\/image\\\/\"}},{\"@type\":\"Person\",\"@id\":\"https:\\\/\\\/costablancaup.com\\\/es\\\/#\\\/schema\\\/person\\\/a4a0ee1ba74dae33c5d59d6279cd9489\",\"name\":\"jas_admin\",\"image\":{\"@type\":\"ImageObject\",\"inLanguage\":\"es\",\"@id\":\"https:\\\/\\\/secure.gravatar.com\\\/avatar\\\/d5a1282fae1020d8b4f7a1b95dac31c3c08f7dfd0a06b2ba5aa24fa117526f78?s=96&d=mm&r=g\",\"url\":\"https:\\\/\\\/secure.gravatar.com\\\/avatar\\\/d5a1282fae1020d8b4f7a1b95dac31c3c08f7dfd0a06b2ba5aa24fa117526f78?s=96&d=mm&r=g\",\"contentUrl\":\"https:\\\/\\\/secure.gravatar.com\\\/avatar\\\/d5a1282fae1020d8b4f7a1b95dac31c3c08f7dfd0a06b2ba5aa24fa117526f78?s=96&d=mm&r=g\",\"caption\":\"jas_admin\"}}]}<\/script>\n<!-- \/ Yoast SEO plugin. -->","yoast_head_json":{"title":"COSTA BLANCA UP - Calzado, bolsos y complementos en \"Salvador Artesano\" (Elche)","robots":{"index":"index","follow":"follow","max-snippet":"max-snippet:-1","max-image-preview":"max-image-preview:large","max-video-preview":"max-video-preview:-1"},"canonical":"https:\/\/costablancaup.com\/es\/calzado-bolsos-y-complementos-en-salvador-artesano\/","og_locale":"es_ES","og_type":"article","og_title":"COSTA BLANCA UP - Calzado, bolsos y complementos en \"Salvador Artesano\" (Elche)","og_description":"Visite la F\u00e1brica-Tienda de calzado m\u00e1s grande de Europa, donde podr\u00e1 encontrar una gran gama de art\u00edculos. La tienda de Salvador Artesano se encuentra ubicada en la localidad alicantina de Elche. En las instalaciones de Salvador Artesano podr\u00e1 ver in situ como se fabrica el calzado. Despu\u00e9s podr\u00e1 realizar sus compras de calzado de se\u00f1ora, caballero, ni\u00f1o, deportes, bolsos y complementos; siempre a precios incre\u00edbles. La entrada a la F\u00e1brica-Tienda-Museo es gratuita. Si vienen acompa\u00f1ados de ni\u00f1os, tambi\u00e9n disponen de juegos infantiles. Adem\u00e1s, todas las visitas incluyen una degustaci\u00f3n del vino dulce t\u00edpico de Elche. Horarios De lunes a viernes: [&hellip;]","og_url":"https:\/\/costablancaup.com\/es\/calzado-bolsos-y-complementos-en-salvador-artesano\/","og_site_name":"COSTA BLANCA UP","article_published_time":"2020-07-08T08:14:12+00:00","article_modified_time":"2021-07-21T10:31:12+00:00","og_image":[{"width":1024,"height":597,"url":"https:\/\/costablancaup.com\/wp-content\/uploads\/2020\/04\/visita-salvador-artesano.jpg","type":"image\/jpeg"}],"author":"jas_admin","twitter_card":"summary_large_image","twitter_misc":{"Escrito por":"jas_admin","Tiempo de lectura":"1 minuto"},"schema":{"@context":"https:\/\/schema.org","@graph":[{"@type":"Article","@id":"https:\/\/costablancaup.com\/es\/calzado-bolsos-y-complementos-en-salvador-artesano\/#article","isPartOf":{"@id":"https:\/\/costablancaup.com\/es\/calzado-bolsos-y-complementos-en-salvador-artesano\/"},"author":{"name":"jas_admin","@id":"https:\/\/costablancaup.com\/es\/#\/schema\/person\/a4a0ee1ba74dae33c5d59d6279cd9489"},"headline":"Calzado, bolsos y complementos en \u00abSalvador Artesano\u00bb (Elche)","datePublished":"2020-07-08T08:14:12+00:00","dateModified":"2021-07-21T10:31:12+00:00","mainEntityOfPage":{"@id":"https:\/\/costablancaup.com\/es\/calzado-bolsos-y-complementos-en-salvador-artesano\/"},"wordCount":151,"commentCount":0,"publisher":{"@id":"https:\/\/costablancaup.com\/es\/#organization"},"image":{"@id":"https:\/\/costablancaup.com\/es\/calzado-bolsos-y-complementos-en-salvador-artesano\/#primaryimage"},"thumbnailUrl":"https:\/\/costablancaup.com\/wp-content\/uploads\/2020\/04\/visita-salvador-artesano.jpg","keywords":["Elche"],"articleSection":["Artesan\u00eda","Experiencias"],"inLanguage":"es","potentialAction":[{"@type":"CommentAction","name":"Comment","target":["https:\/\/costablancaup.com\/es\/calzado-bolsos-y-complementos-en-salvador-artesano\/#respond"]}]},{"@type":"WebPage","@id":"https:\/\/costablancaup.com\/es\/calzado-bolsos-y-complementos-en-salvador-artesano\/","url":"https:\/\/costablancaup.com\/es\/calzado-bolsos-y-complementos-en-salvador-artesano\/","name":"COSTA BLANCA UP - Calzado, bolsos y complementos en \"Salvador Artesano\" (Elche)","isPartOf":{"@id":"https:\/\/costablancaup.com\/es\/#website"},"primaryImageOfPage":{"@id":"https:\/\/costablancaup.com\/es\/calzado-bolsos-y-complementos-en-salvador-artesano\/#primaryimage"},"image":{"@id":"https:\/\/costablancaup.com\/es\/calzado-bolsos-y-complementos-en-salvador-artesano\/#primaryimage"},"thumbnailUrl":"https:\/\/costablancaup.com\/wp-content\/uploads\/2020\/04\/visita-salvador-artesano.jpg","datePublished":"2020-07-08T08:14:12+00:00","dateModified":"2021-07-21T10:31:12+00:00","breadcrumb":{"@id":"https:\/\/costablancaup.com\/es\/calzado-bolsos-y-complementos-en-salvador-artesano\/#breadcrumb"},"inLanguage":"es","potentialAction":[{"@type":"ReadAction","target":["https:\/\/costablancaup.com\/es\/calzado-bolsos-y-complementos-en-salvador-artesano\/"]}]},{"@type":"ImageObject","inLanguage":"es","@id":"https:\/\/costablancaup.com\/es\/calzado-bolsos-y-complementos-en-salvador-artesano\/#primaryimage","url":"https:\/\/costablancaup.com\/wp-content\/uploads\/2020\/04\/visita-salvador-artesano.jpg","contentUrl":"https:\/\/costablancaup.com\/wp-content\/uploads\/2020\/04\/visita-salvador-artesano.jpg","width":1024,"height":597,"caption":"Calzado, bolsos y complementos en Salvador Artesano"},{"@type":"BreadcrumbList","@id":"https:\/\/costablancaup.com\/es\/calzado-bolsos-y-complementos-en-salvador-artesano\/#breadcrumb","itemListElement":[{"@type":"ListItem","position":1,"name":"Home","item":"https:\/\/costablancaup.com\/es\/"},{"@type":"ListItem","position":2,"name":"Calzado, bolsos y complementos en \u00abSalvador Artesano\u00bb (Elche)"}]},{"@type":"WebSite","@id":"https:\/\/costablancaup.com\/es\/#website","url":"https:\/\/costablancaup.com\/es\/","name":"COSTA BLANCA UP","description":"Costa Blanca Events and Agenda","publisher":{"@id":"https:\/\/costablancaup.com\/es\/#organization"},"potentialAction":[{"@type":"SearchAction","target":{"@type":"EntryPoint","urlTemplate":"https:\/\/costablancaup.com\/es\/?s={search_term_string}"},"query-input":{"@type":"PropertyValueSpecification","valueRequired":true,"valueName":"search_term_string"}}],"inLanguage":"es"},{"@type":"Organization","@id":"https:\/\/costablancaup.com\/es\/#organization","name":"Costa Blanca Up","url":"https:\/\/costablancaup.com\/es\/","logo":{"@type":"ImageObject","inLanguage":"es","@id":"https:\/\/costablancaup.com\/es\/#\/schema\/logo\/image\/","url":"https:\/\/costablancaup.com\/wp-content\/uploads\/2018\/07\/titulo_web-1.png","contentUrl":"https:\/\/costablancaup.com\/wp-content\/uploads\/2018\/07\/titulo_web-1.png","width":1973,"height":303,"caption":"Costa Blanca Up"},"image":{"@id":"https:\/\/costablancaup.com\/es\/#\/schema\/logo\/image\/"}},{"@type":"Person","@id":"https:\/\/costablancaup.com\/es\/#\/schema\/person\/a4a0ee1ba74dae33c5d59d6279cd9489","name":"jas_admin","image":{"@type":"ImageObject","inLanguage":"es","@id":"https:\/\/secure.gravatar.com\/avatar\/d5a1282fae1020d8b4f7a1b95dac31c3c08f7dfd0a06b2ba5aa24fa117526f78?s=96&d=mm&r=g","url":"https:\/\/secure.gravatar.com\/avatar\/d5a1282fae1020d8b4f7a1b95dac31c3c08f7dfd0a06b2ba5aa24fa117526f78?s=96&d=mm&r=g","contentUrl":"https:\/\/secure.gravatar.com\/avatar\/d5a1282fae1020d8b4f7a1b95dac31c3c08f7dfd0a06b2ba5aa24fa117526f78?s=96&d=mm&r=g","caption":"jas_admin"}}]}},"_links":{"self":[{"href":"https:\/\/costablancaup.com\/es\/wp-json\/wp\/v2\/posts\/42870","targetHints":{"allow":["GET"]}}],"collection":[{"href":"https:\/\/costablancaup.com\/es\/wp-json\/wp\/v2\/posts"}],"about":[{"href":"https:\/\/costablancaup.com\/es\/wp-json\/wp\/v2\/types\/post"}],"author":[{"embeddable":true,"href":"https:\/\/costablancaup.com\/es\/wp-json\/wp\/v2\/users\/1"}],"replies":[{"embeddable":true,"href":"https:\/\/costablancaup.com\/es\/wp-json\/wp\/v2\/comments?post=42870"}],"version-history":[{"count":8,"href":"https:\/\/costablancaup.com\/es\/wp-json\/wp\/v2\/posts\/42870\/revisions"}],"predecessor-version":[{"id":49511,"href":"https:\/\/costablancaup.com\/es\/wp-json\/wp\/v2\/posts\/42870\/revisions\/49511"}],"wp:featuredmedia":[{"embeddable":true,"href":"https:\/\/costablancaup.com\/es\/wp-json\/wp\/v2\/media\/42872"}],"wp:attachment":[{"href":"https:\/\/costablancaup.com\/es\/wp-json\/wp\/v2\/media?parent=42870"}],"wp:term":[{"taxonomy":"category","embeddable":true,"href":"https:\/\/costablancaup.com\/es\/wp-json\/wp\/v2\/categories?post=42870"},{"taxonomy":"post_tag","embeddable":true,"href":"https:\/\/costablancaup.com\/es\/wp-json\/wp\/v2\/tags?post=42870"}],"curies":[{"name":"wp","href":"https:\/\/api.w.org\/{rel}","templated":true}]}}