{"id":46946,"date":"2020-11-11T09:23:13","date_gmt":"2020-11-11T08:23:13","guid":{"rendered":"https:\/\/costablancaup.com\/?p=46946"},"modified":"2020-11-11T09:23:13","modified_gmt":"2020-11-11T08:23:13","slug":"visitas-al-palmeral-de-orihuela","status":"publish","type":"post","link":"https:\/\/costablancaup.com\/es\/visitas-al-palmeral-de-orihuela\/","title":{"rendered":"Visitas al Palmeral de Orihuela"},"content":{"rendered":"<p><img loading=\"lazy\" decoding=\"async\" class=\"aligncenter size-full wp-image-46947\" src=\"https:\/\/costablancaup.com\/wp-content\/uploads\/2020\/11\/el-palmeral-orihuela.jpg\" alt=\"El Palmeral de Orihuela\" width=\"1024\" height=\"528\" srcset=\"https:\/\/costablancaup.com\/wp-content\/uploads\/2020\/11\/el-palmeral-orihuela.jpg 1024w, https:\/\/costablancaup.com\/wp-content\/uploads\/2020\/11\/el-palmeral-orihuela-300x155.jpg 300w, https:\/\/costablancaup.com\/wp-content\/uploads\/2020\/11\/el-palmeral-orihuela-768x396.jpg 768w, https:\/\/costablancaup.com\/wp-content\/uploads\/2020\/11\/el-palmeral-orihuela-400x206.jpg 400w\" sizes=\"auto, (max-width: 1024px) 100vw, 1024px\" \/><\/p>\n<\/p>\n<div class=\"piefoto\">Por palmeraldeorihuela.com<\/div>\n<p>\n<h2>Visita el Palmeral de Orihuela, el segundo palmeral m\u00e1s grande de Europa, con una superficie de m\u00e1s de 600.000 m\u00b2 y con cerca de 9.000 palmeras datileras.<\/h2>\n<p>Las visitas, que tienen una duraci\u00f3n aproximada de 75 minutos, partir\u00e1n del nuevo Centro de Interpretaci\u00f3n e incluyen una ruta por el entorno del Palmeral, un espacio singular y \u00fanico en Europa, declarado Bien de Inter\u00e9s Cultural (BIC).<\/p>\n<p>El aforo m\u00e1ximo de las visitas es de 12 personas en grupos divididos de 6, cumpliendo con todo el protocolo higi\u00e9nico sanitario decretado por las autoridades. Para realizar las visitas es necesario concertar cita previamente.<\/p>\n<p class=\"tickets\"><a title=\"Ampliar informaci\u00f3n y reservar\" href=\"https:\/\/ecosilvo.reservio.com\/\" target=\"_blank\" rel=\"noopener noreferrer\">Ampliar informaci\u00f3n y reservar<\/a><\/p>\n<h3>Horarios<\/h3>\n<ul>\n<li>S\u00e1bados y domingos: de 10:00 a 17:30 horas.<\/li>\n<\/ul>\n<h3>V\u00eddeo promocional<\/h3>\n<p><iframe loading=\"lazy\" title=\"El Palmeral de Orihuela\" width=\"1200\" height=\"675\" src=\"https:\/\/www.youtube.com\/embed\/_D-_GPVGmrU?feature=oembed\" frameborder=\"0\" allow=\"accelerometer; autoplay; clipboard-write; encrypted-media; gyroscope; picture-in-picture\" allowfullscreen><\/iframe><\/p>\n<p>&nbsp;<\/p>\n<h3>Localizaci\u00f3n<\/h3>\n\r\n            \r\n            \r\n            \r\n            <a name='map337'><\/a>\r\n            \r\n            \r\n            \r\n            \r\n            <div class=\"wpgmza_map \"  id=\"wpgmza_map_337\" style=\"display:block; overflow:auto; width:100%; height:400px; float:left;\" data-settings='{\"id\":\"337\",\"map_title\":\"El Palmeral de Orihuela\",\"map_width\":\"100\",\"map_height\":\"400\",\"map_start_lat\":\"38.095292\",\"map_start_lng\":\"-0.939283\",\"map_start_location\":\"38.09529200834967,-0.9392833065460393\",\"map_start_zoom\":\"16\",\"default_marker\":\"0\",\"type\":\"1\",\"alignment\":\"1\",\"directions_enabled\":\"0\",\"styling_enabled\":\"0\",\"styling_json\":\"\",\"active\":\"0\",\"kml\":\"\",\"bicycle\":\"0\",\"traffic\":\"0\",\"dbox\":\"1\",\"dbox_width\":\"100\",\"listmarkers\":\"0\",\"listmarkers_advanced\":\"0\",\"filterbycat\":\"0\",\"ugm_enabled\":\"0\",\"ugm_category_enabled\":\"0\",\"fusion\":\"\",\"map_width_type\":\"\\\\%\",\"map_height_type\":\"px\",\"mass_marker_support\":\"0\",\"ugm_access\":\"0\",\"order_markers_by\":\"1\",\"order_markers_choice\":\"2\",\"show_user_location\":\"2\",\"default_to\":\"\",\"other_settings\":{\"store_locator_style\":\"legacy\",\"wpgmza_store_locator_radius_style\":\"legacy\",\"directions_box_style\":\"modern\",\"wpgmza_dbox_width_type\":\"%\",\"map_max_zoom\":\"3\",\"map_min_zoom\":\"21\",\"sl_stroke_color\":\"\",\"sl_stroke_opacity\":\"\",\"sl_fill_color\":\"\",\"sl_fill_opacity\":\"\",\"automatically_pan_to_users_location\":0,\"override_users_location_zoom_level\":0,\"click_open_link\":2,\"hide_point_of_interest\":false,\"wpgmza_auto_night\":0,\"transport_layer\":0,\"iw_primary_color\":\"2A3744\",\"iw_accent_color\":\"252F3A\",\"iw_text_color\":\"FFFFFF\",\"wpgmza_iw_type\":\"0\",\"list_markers_by\":\"0\",\"push_in_map\":\"\",\"push_in_map_placement\":\"9\",\"wpgmza_push_in_map_width\":\"\",\"wpgmza_push_in_map_height\":\"\",\"wpgmza_theme_data\":\"\",\"upload_default_ul_marker\":\"\",\"upload_default_sl_marker\":\"\",\"shortcodeAttributes\":{\"id\":\"337\"}}}' data-map-id='337' data-shortcode-attributes='{\"id\":\"337\"}'> <\/div>\r\n            \r\n               \r\n        \n","protected":false},"excerpt":{"rendered":"<p>Visita el Palmeral de Orihuela, el segundo palmeral m\u00e1s grande de Europa, con una superficie de m\u00e1s de 600.000 m\u00b2 y con cerca de 9.000 palmeras datileras. Las visitas, que tienen una duraci\u00f3n aproximada de 75 minutos, partir\u00e1n del nuevo Centro de Interpretaci\u00f3n e incluyen una ruta por el entorno del Palmeral, un espacio singular y \u00fanico en Europa, declarado Bien de Inter\u00e9s Cultural (BIC). El aforo m\u00e1ximo de las visitas es de 12 personas en grupos divididos de 6, cumpliendo con todo el protocolo higi\u00e9nico sanitario decretado por las autoridades. Para realizar las visitas es necesario concertar cita previamente. [&hellip;]<\/p>\n","protected":false},"author":1,"featured_media":46947,"comment_status":"open","ping_status":"closed","sticky":false,"template":"","format":"standard","meta":{"footnotes":""},"categories":[5361],"tags":[5129],"class_list":["post-46946","post","type-post","status-publish","format-standard","has-post-thumbnail","hentry","category-visitas","tag-orihuela-es"],"yoast_head":"<!-- This site is optimized with the Yoast SEO plugin v27.4 - https:\/\/yoast.com\/product\/yoast-seo-wordpress\/ -->\n<title>COSTA BLANCA UP - Visitas al Palmeral de Orihuela<\/title>\n<meta name=\"robots\" content=\"index, follow, max-snippet:-1, max-image-preview:large, max-video-preview:-1\" \/>\n<link rel=\"canonical\" href=\"https:\/\/costablancaup.com\/es\/visitas-al-palmeral-de-orihuela\/\" \/>\n<meta property=\"og:locale\" content=\"es_ES\" \/>\n<meta property=\"og:type\" content=\"article\" \/>\n<meta property=\"og:title\" content=\"COSTA BLANCA UP - Visitas al Palmeral de Orihuela\" \/>\n<meta property=\"og:description\" content=\"Visita el Palmeral de Orihuela, el segundo palmeral m\u00e1s grande de Europa, con una superficie de m\u00e1s de 600.000 m\u00b2 y con cerca de 9.000 palmeras datileras. Las visitas, que tienen una duraci\u00f3n aproximada de 75 minutos, partir\u00e1n del nuevo Centro de Interpretaci\u00f3n e incluyen una ruta por el entorno del Palmeral, un espacio singular y \u00fanico en Europa, declarado Bien de Inter\u00e9s Cultural (BIC). El aforo m\u00e1ximo de las visitas es de 12 personas en grupos divididos de 6, cumpliendo con todo el protocolo higi\u00e9nico sanitario decretado por las autoridades. Para realizar las visitas es necesario concertar cita previamente. [&hellip;]\" \/>\n<meta property=\"og:url\" content=\"https:\/\/costablancaup.com\/es\/visitas-al-palmeral-de-orihuela\/\" \/>\n<meta property=\"og:site_name\" content=\"COSTA BLANCA UP\" \/>\n<meta property=\"article:published_time\" content=\"2020-11-11T08:23:13+00:00\" \/>\n<meta property=\"og:image\" content=\"https:\/\/costablancaup.com\/wp-content\/uploads\/2020\/11\/el-palmeral-orihuela.jpg\" \/>\n\t<meta property=\"og:image:width\" content=\"1024\" \/>\n\t<meta property=\"og:image:height\" content=\"528\" \/>\n\t<meta property=\"og:image:type\" content=\"image\/jpeg\" \/>\n<meta name=\"author\" content=\"jas_admin\" \/>\n<meta name=\"twitter:card\" content=\"summary_large_image\" \/>\n<meta name=\"twitter:label1\" content=\"Escrito por\" \/>\n\t<meta name=\"twitter:data1\" content=\"jas_admin\" \/>\n\t<meta name=\"twitter:label2\" content=\"Tiempo de lectura\" \/>\n\t<meta name=\"twitter:data2\" content=\"1 minuto\" \/>\n<script type=\"application\/ld+json\" class=\"yoast-schema-graph\">{\"@context\":\"https:\\\/\\\/schema.org\",\"@graph\":[{\"@type\":\"Article\",\"@id\":\"https:\\\/\\\/costablancaup.com\\\/es\\\/visitas-al-palmeral-de-orihuela\\\/#article\",\"isPartOf\":{\"@id\":\"https:\\\/\\\/costablancaup.com\\\/es\\\/visitas-al-palmeral-de-orihuela\\\/\"},\"author\":{\"name\":\"jas_admin\",\"@id\":\"https:\\\/\\\/costablancaup.com\\\/es\\\/#\\\/schema\\\/person\\\/a4a0ee1ba74dae33c5d59d6279cd9489\"},\"headline\":\"Visitas al Palmeral de Orihuela\",\"datePublished\":\"2020-11-11T08:23:13+00:00\",\"mainEntityOfPage\":{\"@id\":\"https:\\\/\\\/costablancaup.com\\\/es\\\/visitas-al-palmeral-de-orihuela\\\/\"},\"wordCount\":139,\"commentCount\":0,\"publisher\":{\"@id\":\"https:\\\/\\\/costablancaup.com\\\/es\\\/#organization\"},\"image\":{\"@id\":\"https:\\\/\\\/costablancaup.com\\\/es\\\/visitas-al-palmeral-de-orihuela\\\/#primaryimage\"},\"thumbnailUrl\":\"https:\\\/\\\/costablancaup.com\\\/wp-content\\\/uploads\\\/2020\\\/11\\\/el-palmeral-orihuela.jpg\",\"keywords\":[\"Orihuela\"],\"articleSection\":[\"Visitas\"],\"inLanguage\":\"es\",\"potentialAction\":[{\"@type\":\"CommentAction\",\"name\":\"Comment\",\"target\":[\"https:\\\/\\\/costablancaup.com\\\/es\\\/visitas-al-palmeral-de-orihuela\\\/#respond\"]}]},{\"@type\":\"WebPage\",\"@id\":\"https:\\\/\\\/costablancaup.com\\\/es\\\/visitas-al-palmeral-de-orihuela\\\/\",\"url\":\"https:\\\/\\\/costablancaup.com\\\/es\\\/visitas-al-palmeral-de-orihuela\\\/\",\"name\":\"COSTA BLANCA UP - Visitas al Palmeral de Orihuela\",\"isPartOf\":{\"@id\":\"https:\\\/\\\/costablancaup.com\\\/es\\\/#website\"},\"primaryImageOfPage\":{\"@id\":\"https:\\\/\\\/costablancaup.com\\\/es\\\/visitas-al-palmeral-de-orihuela\\\/#primaryimage\"},\"image\":{\"@id\":\"https:\\\/\\\/costablancaup.com\\\/es\\\/visitas-al-palmeral-de-orihuela\\\/#primaryimage\"},\"thumbnailUrl\":\"https:\\\/\\\/costablancaup.com\\\/wp-content\\\/uploads\\\/2020\\\/11\\\/el-palmeral-orihuela.jpg\",\"datePublished\":\"2020-11-11T08:23:13+00:00\",\"breadcrumb\":{\"@id\":\"https:\\\/\\\/costablancaup.com\\\/es\\\/visitas-al-palmeral-de-orihuela\\\/#breadcrumb\"},\"inLanguage\":\"es\",\"potentialAction\":[{\"@type\":\"ReadAction\",\"target\":[\"https:\\\/\\\/costablancaup.com\\\/es\\\/visitas-al-palmeral-de-orihuela\\\/\"]}]},{\"@type\":\"ImageObject\",\"inLanguage\":\"es\",\"@id\":\"https:\\\/\\\/costablancaup.com\\\/es\\\/visitas-al-palmeral-de-orihuela\\\/#primaryimage\",\"url\":\"https:\\\/\\\/costablancaup.com\\\/wp-content\\\/uploads\\\/2020\\\/11\\\/el-palmeral-orihuela.jpg\",\"contentUrl\":\"https:\\\/\\\/costablancaup.com\\\/wp-content\\\/uploads\\\/2020\\\/11\\\/el-palmeral-orihuela.jpg\",\"width\":1024,\"height\":528,\"caption\":\"El Palmeral de Orihuela\"},{\"@type\":\"BreadcrumbList\",\"@id\":\"https:\\\/\\\/costablancaup.com\\\/es\\\/visitas-al-palmeral-de-orihuela\\\/#breadcrumb\",\"itemListElement\":[{\"@type\":\"ListItem\",\"position\":1,\"name\":\"Home\",\"item\":\"https:\\\/\\\/costablancaup.com\\\/es\\\/\"},{\"@type\":\"ListItem\",\"position\":2,\"name\":\"Visitas al Palmeral de Orihuela\"}]},{\"@type\":\"WebSite\",\"@id\":\"https:\\\/\\\/costablancaup.com\\\/es\\\/#website\",\"url\":\"https:\\\/\\\/costablancaup.com\\\/es\\\/\",\"name\":\"COSTA BLANCA UP\",\"description\":\"Costa Blanca Events and Agenda\",\"publisher\":{\"@id\":\"https:\\\/\\\/costablancaup.com\\\/es\\\/#organization\"},\"potentialAction\":[{\"@type\":\"SearchAction\",\"target\":{\"@type\":\"EntryPoint\",\"urlTemplate\":\"https:\\\/\\\/costablancaup.com\\\/es\\\/?s={search_term_string}\"},\"query-input\":{\"@type\":\"PropertyValueSpecification\",\"valueRequired\":true,\"valueName\":\"search_term_string\"}}],\"inLanguage\":\"es\"},{\"@type\":\"Organization\",\"@id\":\"https:\\\/\\\/costablancaup.com\\\/es\\\/#organization\",\"name\":\"Costa Blanca Up\",\"url\":\"https:\\\/\\\/costablancaup.com\\\/es\\\/\",\"logo\":{\"@type\":\"ImageObject\",\"inLanguage\":\"es\",\"@id\":\"https:\\\/\\\/costablancaup.com\\\/es\\\/#\\\/schema\\\/logo\\\/image\\\/\",\"url\":\"https:\\\/\\\/costablancaup.com\\\/wp-content\\\/uploads\\\/2018\\\/07\\\/titulo_web-1.png\",\"contentUrl\":\"https:\\\/\\\/costablancaup.com\\\/wp-content\\\/uploads\\\/2018\\\/07\\\/titulo_web-1.png\",\"width\":1973,\"height\":303,\"caption\":\"Costa Blanca Up\"},\"image\":{\"@id\":\"https:\\\/\\\/costablancaup.com\\\/es\\\/#\\\/schema\\\/logo\\\/image\\\/\"}},{\"@type\":\"Person\",\"@id\":\"https:\\\/\\\/costablancaup.com\\\/es\\\/#\\\/schema\\\/person\\\/a4a0ee1ba74dae33c5d59d6279cd9489\",\"name\":\"jas_admin\",\"image\":{\"@type\":\"ImageObject\",\"inLanguage\":\"es\",\"@id\":\"https:\\\/\\\/secure.gravatar.com\\\/avatar\\\/d5a1282fae1020d8b4f7a1b95dac31c3c08f7dfd0a06b2ba5aa24fa117526f78?s=96&d=mm&r=g\",\"url\":\"https:\\\/\\\/secure.gravatar.com\\\/avatar\\\/d5a1282fae1020d8b4f7a1b95dac31c3c08f7dfd0a06b2ba5aa24fa117526f78?s=96&d=mm&r=g\",\"contentUrl\":\"https:\\\/\\\/secure.gravatar.com\\\/avatar\\\/d5a1282fae1020d8b4f7a1b95dac31c3c08f7dfd0a06b2ba5aa24fa117526f78?s=96&d=mm&r=g\",\"caption\":\"jas_admin\"}}]}<\/script>\n<!-- \/ Yoast SEO plugin. -->","yoast_head_json":{"title":"COSTA BLANCA UP - Visitas al Palmeral de Orihuela","robots":{"index":"index","follow":"follow","max-snippet":"max-snippet:-1","max-image-preview":"max-image-preview:large","max-video-preview":"max-video-preview:-1"},"canonical":"https:\/\/costablancaup.com\/es\/visitas-al-palmeral-de-orihuela\/","og_locale":"es_ES","og_type":"article","og_title":"COSTA BLANCA UP - Visitas al Palmeral de Orihuela","og_description":"Visita el Palmeral de Orihuela, el segundo palmeral m\u00e1s grande de Europa, con una superficie de m\u00e1s de 600.000 m\u00b2 y con cerca de 9.000 palmeras datileras. Las visitas, que tienen una duraci\u00f3n aproximada de 75 minutos, partir\u00e1n del nuevo Centro de Interpretaci\u00f3n e incluyen una ruta por el entorno del Palmeral, un espacio singular y \u00fanico en Europa, declarado Bien de Inter\u00e9s Cultural (BIC). El aforo m\u00e1ximo de las visitas es de 12 personas en grupos divididos de 6, cumpliendo con todo el protocolo higi\u00e9nico sanitario decretado por las autoridades. Para realizar las visitas es necesario concertar cita previamente. [&hellip;]","og_url":"https:\/\/costablancaup.com\/es\/visitas-al-palmeral-de-orihuela\/","og_site_name":"COSTA BLANCA UP","article_published_time":"2020-11-11T08:23:13+00:00","og_image":[{"width":1024,"height":528,"url":"https:\/\/costablancaup.com\/wp-content\/uploads\/2020\/11\/el-palmeral-orihuela.jpg","type":"image\/jpeg"}],"author":"jas_admin","twitter_card":"summary_large_image","twitter_misc":{"Escrito por":"jas_admin","Tiempo de lectura":"1 minuto"},"schema":{"@context":"https:\/\/schema.org","@graph":[{"@type":"Article","@id":"https:\/\/costablancaup.com\/es\/visitas-al-palmeral-de-orihuela\/#article","isPartOf":{"@id":"https:\/\/costablancaup.com\/es\/visitas-al-palmeral-de-orihuela\/"},"author":{"name":"jas_admin","@id":"https:\/\/costablancaup.com\/es\/#\/schema\/person\/a4a0ee1ba74dae33c5d59d6279cd9489"},"headline":"Visitas al Palmeral de Orihuela","datePublished":"2020-11-11T08:23:13+00:00","mainEntityOfPage":{"@id":"https:\/\/costablancaup.com\/es\/visitas-al-palmeral-de-orihuela\/"},"wordCount":139,"commentCount":0,"publisher":{"@id":"https:\/\/costablancaup.com\/es\/#organization"},"image":{"@id":"https:\/\/costablancaup.com\/es\/visitas-al-palmeral-de-orihuela\/#primaryimage"},"thumbnailUrl":"https:\/\/costablancaup.com\/wp-content\/uploads\/2020\/11\/el-palmeral-orihuela.jpg","keywords":["Orihuela"],"articleSection":["Visitas"],"inLanguage":"es","potentialAction":[{"@type":"CommentAction","name":"Comment","target":["https:\/\/costablancaup.com\/es\/visitas-al-palmeral-de-orihuela\/#respond"]}]},{"@type":"WebPage","@id":"https:\/\/costablancaup.com\/es\/visitas-al-palmeral-de-orihuela\/","url":"https:\/\/costablancaup.com\/es\/visitas-al-palmeral-de-orihuela\/","name":"COSTA BLANCA UP - Visitas al Palmeral de Orihuela","isPartOf":{"@id":"https:\/\/costablancaup.com\/es\/#website"},"primaryImageOfPage":{"@id":"https:\/\/costablancaup.com\/es\/visitas-al-palmeral-de-orihuela\/#primaryimage"},"image":{"@id":"https:\/\/costablancaup.com\/es\/visitas-al-palmeral-de-orihuela\/#primaryimage"},"thumbnailUrl":"https:\/\/costablancaup.com\/wp-content\/uploads\/2020\/11\/el-palmeral-orihuela.jpg","datePublished":"2020-11-11T08:23:13+00:00","breadcrumb":{"@id":"https:\/\/costablancaup.com\/es\/visitas-al-palmeral-de-orihuela\/#breadcrumb"},"inLanguage":"es","potentialAction":[{"@type":"ReadAction","target":["https:\/\/costablancaup.com\/es\/visitas-al-palmeral-de-orihuela\/"]}]},{"@type":"ImageObject","inLanguage":"es","@id":"https:\/\/costablancaup.com\/es\/visitas-al-palmeral-de-orihuela\/#primaryimage","url":"https:\/\/costablancaup.com\/wp-content\/uploads\/2020\/11\/el-palmeral-orihuela.jpg","contentUrl":"https:\/\/costablancaup.com\/wp-content\/uploads\/2020\/11\/el-palmeral-orihuela.jpg","width":1024,"height":528,"caption":"El Palmeral de Orihuela"},{"@type":"BreadcrumbList","@id":"https:\/\/costablancaup.com\/es\/visitas-al-palmeral-de-orihuela\/#breadcrumb","itemListElement":[{"@type":"ListItem","position":1,"name":"Home","item":"https:\/\/costablancaup.com\/es\/"},{"@type":"ListItem","position":2,"name":"Visitas al Palmeral de Orihuela"}]},{"@type":"WebSite","@id":"https:\/\/costablancaup.com\/es\/#website","url":"https:\/\/costablancaup.com\/es\/","name":"COSTA BLANCA UP","description":"Costa Blanca Events and Agenda","publisher":{"@id":"https:\/\/costablancaup.com\/es\/#organization"},"potentialAction":[{"@type":"SearchAction","target":{"@type":"EntryPoint","urlTemplate":"https:\/\/costablancaup.com\/es\/?s={search_term_string}"},"query-input":{"@type":"PropertyValueSpecification","valueRequired":true,"valueName":"search_term_string"}}],"inLanguage":"es"},{"@type":"Organization","@id":"https:\/\/costablancaup.com\/es\/#organization","name":"Costa Blanca Up","url":"https:\/\/costablancaup.com\/es\/","logo":{"@type":"ImageObject","inLanguage":"es","@id":"https:\/\/costablancaup.com\/es\/#\/schema\/logo\/image\/","url":"https:\/\/costablancaup.com\/wp-content\/uploads\/2018\/07\/titulo_web-1.png","contentUrl":"https:\/\/costablancaup.com\/wp-content\/uploads\/2018\/07\/titulo_web-1.png","width":1973,"height":303,"caption":"Costa Blanca Up"},"image":{"@id":"https:\/\/costablancaup.com\/es\/#\/schema\/logo\/image\/"}},{"@type":"Person","@id":"https:\/\/costablancaup.com\/es\/#\/schema\/person\/a4a0ee1ba74dae33c5d59d6279cd9489","name":"jas_admin","image":{"@type":"ImageObject","inLanguage":"es","@id":"https:\/\/secure.gravatar.com\/avatar\/d5a1282fae1020d8b4f7a1b95dac31c3c08f7dfd0a06b2ba5aa24fa117526f78?s=96&d=mm&r=g","url":"https:\/\/secure.gravatar.com\/avatar\/d5a1282fae1020d8b4f7a1b95dac31c3c08f7dfd0a06b2ba5aa24fa117526f78?s=96&d=mm&r=g","contentUrl":"https:\/\/secure.gravatar.com\/avatar\/d5a1282fae1020d8b4f7a1b95dac31c3c08f7dfd0a06b2ba5aa24fa117526f78?s=96&d=mm&r=g","caption":"jas_admin"}}]}},"_links":{"self":[{"href":"https:\/\/costablancaup.com\/es\/wp-json\/wp\/v2\/posts\/46946","targetHints":{"allow":["GET"]}}],"collection":[{"href":"https:\/\/costablancaup.com\/es\/wp-json\/wp\/v2\/posts"}],"about":[{"href":"https:\/\/costablancaup.com\/es\/wp-json\/wp\/v2\/types\/post"}],"author":[{"embeddable":true,"href":"https:\/\/costablancaup.com\/es\/wp-json\/wp\/v2\/users\/1"}],"replies":[{"embeddable":true,"href":"https:\/\/costablancaup.com\/es\/wp-json\/wp\/v2\/comments?post=46946"}],"version-history":[{"count":5,"href":"https:\/\/costablancaup.com\/es\/wp-json\/wp\/v2\/posts\/46946\/revisions"}],"predecessor-version":[{"id":46959,"href":"https:\/\/costablancaup.com\/es\/wp-json\/wp\/v2\/posts\/46946\/revisions\/46959"}],"wp:featuredmedia":[{"embeddable":true,"href":"https:\/\/costablancaup.com\/es\/wp-json\/wp\/v2\/media\/46947"}],"wp:attachment":[{"href":"https:\/\/costablancaup.com\/es\/wp-json\/wp\/v2\/media?parent=46946"}],"wp:term":[{"taxonomy":"category","embeddable":true,"href":"https:\/\/costablancaup.com\/es\/wp-json\/wp\/v2\/categories?post=46946"},{"taxonomy":"post_tag","embeddable":true,"href":"https:\/\/costablancaup.com\/es\/wp-json\/wp\/v2\/tags?post=46946"}],"curies":[{"name":"wp","href":"https:\/\/api.w.org\/{rel}","templated":true}]}}