{"id":49219,"date":"2021-06-29T11:02:43","date_gmt":"2021-06-29T09:02:43","guid":{"rendered":"https:\/\/costablancaup.com\/?p=49219"},"modified":"2021-06-29T11:02:46","modified_gmt":"2021-06-29T09:02:46","slug":"festival-de-cine-de-lalfas-del-pi-2021","status":"publish","type":"post","link":"https:\/\/costablancaup.com\/es\/festival-de-cine-de-lalfas-del-pi-2021\/","title":{"rendered":"\u00abFestival de Cine de l&#8217;Alf\u00e0s del Pi 2021\u00bb"},"content":{"rendered":"<p><img loading=\"lazy\" decoding=\"async\" class=\"aligncenter size-full wp-image-49220\" src=\"https:\/\/costablancaup.com\/wp-content\/uploads\/2021\/06\/festival-cine-alfaz-del-pi-2021.jpg\" alt=\"Festival de cine de Alfaz del Pi 2021\" width=\"1024\" height=\"622\" srcset=\"https:\/\/costablancaup.com\/wp-content\/uploads\/2021\/06\/festival-cine-alfaz-del-pi-2021.jpg 1024w, https:\/\/costablancaup.com\/wp-content\/uploads\/2021\/06\/festival-cine-alfaz-del-pi-2021-300x182.jpg 300w, https:\/\/costablancaup.com\/wp-content\/uploads\/2021\/06\/festival-cine-alfaz-del-pi-2021-768x467.jpg 768w, https:\/\/costablancaup.com\/wp-content\/uploads\/2021\/06\/festival-cine-alfaz-del-pi-2021-400x243.jpg 400w\" sizes=\"auto, (max-width: 1024px) 100vw, 1024px\" \/><\/p>\n<\/p>\n<div class=\"piefoto\">Por festivaldelalfas.es<\/div>\n<p>\n<h2>La 33 edici\u00f3n del evento tendr\u00e1 lugar del 3 al 11 de julio en la localidad alicantina de <em>Alfaz del Pi.<\/em><\/h2>\n<p>El festival tiene como objetivo la promoci\u00f3n del cine realizado en Espa\u00f1a, especialmente los cortometrajes.<\/p>\n<p>Los aficionados al s\u00e9ptimo arte podr\u00e1n disfrutar de nueve d\u00edas de cine sin pausa, en los que se proyectar\u00e1n obras espa\u00f1olas as\u00ed como <em>films<\/em> procedentes de muchos otros pa\u00edses del mundo.<\/p>\n<p>Paralelamente, el festival ha programado una serie de actividades que incluyen cursos, exposiciones y proyecciones especiales, como algunas de las pel\u00edculas m\u00e1s celebradas del cineasta valenciano Luis Garc\u00eda Berlanga, en conmemoraci\u00f3n del centenario de su nacimiento.<\/p>\n<p class=\"tickets\"><a title=\"Ampliar informaci\u00f3n\" href=\"https:\/\/www.festivaldelalfas.es\/&quot;\" target=\"_blank\" rel=\"noopener noreferrer\">Ampliar informaci\u00f3n<\/a><\/p>\n<h3>Localizaci\u00f3n<\/h3>\n\r\n            \r\n            \r\n            \r\n            <a name='map234'><\/a>\r\n            \r\n            \r\n            \r\n            \r\n            <div class=\"wpgmza_map \"  id=\"wpgmza_map_234\" style=\"display:block; overflow:auto; width:100%; height:400px; float:left;\" data-settings='{\"id\":\"234\",\"map_title\":\"Casa de Cultura (L&amp;#039;Alfas del Pi)\",\"map_width\":\"100\",\"map_height\":\"400\",\"map_start_lat\":\"38.579512\",\"map_start_lng\":\"-0.099754\",\"map_start_location\":\"38.579511814844416,-0.09975395114720342\",\"map_start_zoom\":\"16\",\"default_marker\":\"0\",\"type\":\"1\",\"alignment\":\"1\",\"directions_enabled\":\"0\",\"styling_enabled\":\"0\",\"styling_json\":\"\",\"active\":\"0\",\"kml\":\"\",\"bicycle\":\"0\",\"traffic\":\"0\",\"dbox\":\"1\",\"dbox_width\":\"100\",\"listmarkers\":\"0\",\"listmarkers_advanced\":\"0\",\"filterbycat\":\"0\",\"ugm_enabled\":\"0\",\"ugm_category_enabled\":\"0\",\"fusion\":\"\",\"map_width_type\":\"\\\\%\",\"map_height_type\":\"px\",\"mass_marker_support\":\"0\",\"ugm_access\":\"0\",\"order_markers_by\":\"1\",\"order_markers_choice\":\"2\",\"show_user_location\":\"2\",\"default_to\":\"\",\"other_settings\":{\"store_locator_style\":\"legacy\",\"wpgmza_store_locator_radius_style\":\"legacy\",\"directions_box_style\":\"modern\",\"wpgmza_dbox_width_type\":\"%\",\"map_max_zoom\":\"3\",\"map_min_zoom\":\"21\",\"sl_stroke_color\":\"\",\"sl_stroke_opacity\":\"\",\"sl_fill_color\":\"\",\"sl_fill_opacity\":\"\",\"automatically_pan_to_users_location\":0,\"click_open_link\":2,\"hide_point_of_interest\":false,\"wpgmza_auto_night\":0,\"transport_layer\":0,\"iw_primary_color\":\"2A3744\",\"iw_accent_color\":\"252F3A\",\"iw_text_color\":\"FFFFFF\",\"wpgmza_iw_type\":\"0\",\"list_markers_by\":\"0\",\"push_in_map\":\"\",\"push_in_map_placement\":\"9\",\"wpgmza_push_in_map_width\":\"\",\"wpgmza_push_in_map_height\":\"\",\"wpgmza_theme_data\":\"\",\"upload_default_ul_marker\":\"\",\"upload_default_sl_marker\":\"\",\"shortcodeAttributes\":{\"id\":\"234\"}}}' data-map-id='234' data-shortcode-attributes='{\"id\":\"234\"}'> <\/div>\r\n            \r\n               \r\n        \n","protected":false},"excerpt":{"rendered":"<p>La 33 edici\u00f3n del evento tendr\u00e1 lugar del 3 al 11 de julio en la localidad alicantina de Alfaz del Pi. El festival tiene como objetivo la promoci\u00f3n del cine realizado en Espa\u00f1a, especialmente los cortometrajes. Los aficionados al s\u00e9ptimo arte podr\u00e1n disfrutar de nueve d\u00edas de cine sin pausa, en los que se proyectar\u00e1n obras espa\u00f1olas as\u00ed como films procedentes de muchos otros pa\u00edses del mundo. Paralelamente, el festival ha programado una serie de actividades que incluyen cursos, exposiciones y proyecciones especiales, como algunas de las pel\u00edculas m\u00e1s celebradas del cineasta valenciano Luis Garc\u00eda Berlanga, en conmemoraci\u00f3n del centenario [&hellip;]<\/p>\n","protected":false},"author":1,"featured_media":49220,"comment_status":"open","ping_status":"closed","sticky":false,"template":"","format":"standard","meta":{"footnotes":""},"categories":[5015,6533],"tags":[5135],"class_list":["post-49219","post","type-post","status-publish","format-standard","has-post-thumbnail","hentry","category-eventos-culturales","category-ocio-y-cultura","tag-alfaz-de-pi-es"],"yoast_head":"<!-- This site is optimized with the Yoast SEO plugin v27.4 - https:\/\/yoast.com\/product\/yoast-seo-wordpress\/ -->\n<title>COSTA BLANCA UP - &quot;Festival de Cine de l&#039;Alf\u00e0s del Pi 2021&quot;<\/title>\n<meta name=\"robots\" content=\"index, follow, max-snippet:-1, max-image-preview:large, max-video-preview:-1\" \/>\n<link rel=\"canonical\" href=\"https:\/\/costablancaup.com\/es\/festival-de-cine-de-lalfas-del-pi-2021\/\" \/>\n<meta property=\"og:locale\" content=\"es_ES\" \/>\n<meta property=\"og:type\" content=\"article\" \/>\n<meta property=\"og:title\" content=\"COSTA BLANCA UP - &quot;Festival de Cine de l&#039;Alf\u00e0s del Pi 2021&quot;\" \/>\n<meta property=\"og:description\" content=\"La 33 edici\u00f3n del evento tendr\u00e1 lugar del 3 al 11 de julio en la localidad alicantina de Alfaz del Pi. El festival tiene como objetivo la promoci\u00f3n del cine realizado en Espa\u00f1a, especialmente los cortometrajes. Los aficionados al s\u00e9ptimo arte podr\u00e1n disfrutar de nueve d\u00edas de cine sin pausa, en los que se proyectar\u00e1n obras espa\u00f1olas as\u00ed como films procedentes de muchos otros pa\u00edses del mundo. Paralelamente, el festival ha programado una serie de actividades que incluyen cursos, exposiciones y proyecciones especiales, como algunas de las pel\u00edculas m\u00e1s celebradas del cineasta valenciano Luis Garc\u00eda Berlanga, en conmemoraci\u00f3n del centenario [&hellip;]\" \/>\n<meta property=\"og:url\" content=\"https:\/\/costablancaup.com\/es\/festival-de-cine-de-lalfas-del-pi-2021\/\" \/>\n<meta property=\"og:site_name\" content=\"COSTA BLANCA UP\" \/>\n<meta property=\"article:published_time\" content=\"2021-06-29T09:02:43+00:00\" \/>\n<meta property=\"article:modified_time\" content=\"2021-06-29T09:02:46+00:00\" \/>\n<meta property=\"og:image\" content=\"https:\/\/costablancaup.com\/wp-content\/uploads\/2021\/06\/festival-cine-alfaz-del-pi-2021.jpg\" \/>\n\t<meta property=\"og:image:width\" content=\"1024\" \/>\n\t<meta property=\"og:image:height\" content=\"622\" \/>\n\t<meta property=\"og:image:type\" content=\"image\/jpeg\" \/>\n<meta name=\"author\" content=\"jas_admin\" \/>\n<meta name=\"twitter:card\" content=\"summary_large_image\" \/>\n<meta name=\"twitter:label1\" content=\"Escrito por\" \/>\n\t<meta name=\"twitter:data1\" content=\"jas_admin\" \/>\n\t<meta name=\"twitter:label2\" content=\"Tiempo de lectura\" \/>\n\t<meta name=\"twitter:data2\" content=\"1 minuto\" \/>\n<script type=\"application\/ld+json\" class=\"yoast-schema-graph\">{\"@context\":\"https:\\\/\\\/schema.org\",\"@graph\":[{\"@type\":\"Article\",\"@id\":\"https:\\\/\\\/costablancaup.com\\\/es\\\/festival-de-cine-de-lalfas-del-pi-2021\\\/#article\",\"isPartOf\":{\"@id\":\"https:\\\/\\\/costablancaup.com\\\/es\\\/festival-de-cine-de-lalfas-del-pi-2021\\\/\"},\"author\":{\"name\":\"jas_admin\",\"@id\":\"https:\\\/\\\/costablancaup.com\\\/es\\\/#\\\/schema\\\/person\\\/a4a0ee1ba74dae33c5d59d6279cd9489\"},\"headline\":\"\u00abFestival de Cine de l&#8217;Alf\u00e0s del Pi 2021\u00bb\",\"datePublished\":\"2021-06-29T09:02:43+00:00\",\"dateModified\":\"2021-06-29T09:02:46+00:00\",\"mainEntityOfPage\":{\"@id\":\"https:\\\/\\\/costablancaup.com\\\/es\\\/festival-de-cine-de-lalfas-del-pi-2021\\\/\"},\"wordCount\":134,\"commentCount\":0,\"publisher\":{\"@id\":\"https:\\\/\\\/costablancaup.com\\\/es\\\/#organization\"},\"image\":{\"@id\":\"https:\\\/\\\/costablancaup.com\\\/es\\\/festival-de-cine-de-lalfas-del-pi-2021\\\/#primaryimage\"},\"thumbnailUrl\":\"https:\\\/\\\/costablancaup.com\\\/wp-content\\\/uploads\\\/2021\\\/06\\\/festival-cine-alfaz-del-pi-2021.jpg\",\"keywords\":[\"Alfaz del Pi\"],\"articleSection\":[\"Eventos culturales\",\"Ocio y cultura\"],\"inLanguage\":\"es\",\"potentialAction\":[{\"@type\":\"CommentAction\",\"name\":\"Comment\",\"target\":[\"https:\\\/\\\/costablancaup.com\\\/es\\\/festival-de-cine-de-lalfas-del-pi-2021\\\/#respond\"]}]},{\"@type\":\"WebPage\",\"@id\":\"https:\\\/\\\/costablancaup.com\\\/es\\\/festival-de-cine-de-lalfas-del-pi-2021\\\/\",\"url\":\"https:\\\/\\\/costablancaup.com\\\/es\\\/festival-de-cine-de-lalfas-del-pi-2021\\\/\",\"name\":\"COSTA BLANCA UP - \\\"Festival de Cine de l'Alf\u00e0s del Pi 2021\\\"\",\"isPartOf\":{\"@id\":\"https:\\\/\\\/costablancaup.com\\\/es\\\/#website\"},\"primaryImageOfPage\":{\"@id\":\"https:\\\/\\\/costablancaup.com\\\/es\\\/festival-de-cine-de-lalfas-del-pi-2021\\\/#primaryimage\"},\"image\":{\"@id\":\"https:\\\/\\\/costablancaup.com\\\/es\\\/festival-de-cine-de-lalfas-del-pi-2021\\\/#primaryimage\"},\"thumbnailUrl\":\"https:\\\/\\\/costablancaup.com\\\/wp-content\\\/uploads\\\/2021\\\/06\\\/festival-cine-alfaz-del-pi-2021.jpg\",\"datePublished\":\"2021-06-29T09:02:43+00:00\",\"dateModified\":\"2021-06-29T09:02:46+00:00\",\"breadcrumb\":{\"@id\":\"https:\\\/\\\/costablancaup.com\\\/es\\\/festival-de-cine-de-lalfas-del-pi-2021\\\/#breadcrumb\"},\"inLanguage\":\"es\",\"potentialAction\":[{\"@type\":\"ReadAction\",\"target\":[\"https:\\\/\\\/costablancaup.com\\\/es\\\/festival-de-cine-de-lalfas-del-pi-2021\\\/\"]}]},{\"@type\":\"ImageObject\",\"inLanguage\":\"es\",\"@id\":\"https:\\\/\\\/costablancaup.com\\\/es\\\/festival-de-cine-de-lalfas-del-pi-2021\\\/#primaryimage\",\"url\":\"https:\\\/\\\/costablancaup.com\\\/wp-content\\\/uploads\\\/2021\\\/06\\\/festival-cine-alfaz-del-pi-2021.jpg\",\"contentUrl\":\"https:\\\/\\\/costablancaup.com\\\/wp-content\\\/uploads\\\/2021\\\/06\\\/festival-cine-alfaz-del-pi-2021.jpg\",\"width\":1024,\"height\":622,\"caption\":\"Festival de cine de Alfaz del Pi 2021\"},{\"@type\":\"BreadcrumbList\",\"@id\":\"https:\\\/\\\/costablancaup.com\\\/es\\\/festival-de-cine-de-lalfas-del-pi-2021\\\/#breadcrumb\",\"itemListElement\":[{\"@type\":\"ListItem\",\"position\":1,\"name\":\"Home\",\"item\":\"https:\\\/\\\/costablancaup.com\\\/es\\\/\"},{\"@type\":\"ListItem\",\"position\":2,\"name\":\"\u00abFestival de Cine de l&#8217;Alf\u00e0s del Pi 2021\u00bb\"}]},{\"@type\":\"WebSite\",\"@id\":\"https:\\\/\\\/costablancaup.com\\\/es\\\/#website\",\"url\":\"https:\\\/\\\/costablancaup.com\\\/es\\\/\",\"name\":\"COSTA BLANCA UP\",\"description\":\"Costa Blanca Events and Agenda\",\"publisher\":{\"@id\":\"https:\\\/\\\/costablancaup.com\\\/es\\\/#organization\"},\"potentialAction\":[{\"@type\":\"SearchAction\",\"target\":{\"@type\":\"EntryPoint\",\"urlTemplate\":\"https:\\\/\\\/costablancaup.com\\\/es\\\/?s={search_term_string}\"},\"query-input\":{\"@type\":\"PropertyValueSpecification\",\"valueRequired\":true,\"valueName\":\"search_term_string\"}}],\"inLanguage\":\"es\"},{\"@type\":\"Organization\",\"@id\":\"https:\\\/\\\/costablancaup.com\\\/es\\\/#organization\",\"name\":\"Costa Blanca Up\",\"url\":\"https:\\\/\\\/costablancaup.com\\\/es\\\/\",\"logo\":{\"@type\":\"ImageObject\",\"inLanguage\":\"es\",\"@id\":\"https:\\\/\\\/costablancaup.com\\\/es\\\/#\\\/schema\\\/logo\\\/image\\\/\",\"url\":\"https:\\\/\\\/costablancaup.com\\\/wp-content\\\/uploads\\\/2018\\\/07\\\/titulo_web-1.png\",\"contentUrl\":\"https:\\\/\\\/costablancaup.com\\\/wp-content\\\/uploads\\\/2018\\\/07\\\/titulo_web-1.png\",\"width\":1973,\"height\":303,\"caption\":\"Costa Blanca Up\"},\"image\":{\"@id\":\"https:\\\/\\\/costablancaup.com\\\/es\\\/#\\\/schema\\\/logo\\\/image\\\/\"}},{\"@type\":\"Person\",\"@id\":\"https:\\\/\\\/costablancaup.com\\\/es\\\/#\\\/schema\\\/person\\\/a4a0ee1ba74dae33c5d59d6279cd9489\",\"name\":\"jas_admin\",\"image\":{\"@type\":\"ImageObject\",\"inLanguage\":\"es\",\"@id\":\"https:\\\/\\\/secure.gravatar.com\\\/avatar\\\/d5a1282fae1020d8b4f7a1b95dac31c3c08f7dfd0a06b2ba5aa24fa117526f78?s=96&d=mm&r=g\",\"url\":\"https:\\\/\\\/secure.gravatar.com\\\/avatar\\\/d5a1282fae1020d8b4f7a1b95dac31c3c08f7dfd0a06b2ba5aa24fa117526f78?s=96&d=mm&r=g\",\"contentUrl\":\"https:\\\/\\\/secure.gravatar.com\\\/avatar\\\/d5a1282fae1020d8b4f7a1b95dac31c3c08f7dfd0a06b2ba5aa24fa117526f78?s=96&d=mm&r=g\",\"caption\":\"jas_admin\"}}]}<\/script>\n<!-- \/ Yoast SEO plugin. -->","yoast_head_json":{"title":"COSTA BLANCA UP - \"Festival de Cine de l'Alf\u00e0s del Pi 2021\"","robots":{"index":"index","follow":"follow","max-snippet":"max-snippet:-1","max-image-preview":"max-image-preview:large","max-video-preview":"max-video-preview:-1"},"canonical":"https:\/\/costablancaup.com\/es\/festival-de-cine-de-lalfas-del-pi-2021\/","og_locale":"es_ES","og_type":"article","og_title":"COSTA BLANCA UP - \"Festival de Cine de l'Alf\u00e0s del Pi 2021\"","og_description":"La 33 edici\u00f3n del evento tendr\u00e1 lugar del 3 al 11 de julio en la localidad alicantina de Alfaz del Pi. El festival tiene como objetivo la promoci\u00f3n del cine realizado en Espa\u00f1a, especialmente los cortometrajes. Los aficionados al s\u00e9ptimo arte podr\u00e1n disfrutar de nueve d\u00edas de cine sin pausa, en los que se proyectar\u00e1n obras espa\u00f1olas as\u00ed como films procedentes de muchos otros pa\u00edses del mundo. Paralelamente, el festival ha programado una serie de actividades que incluyen cursos, exposiciones y proyecciones especiales, como algunas de las pel\u00edculas m\u00e1s celebradas del cineasta valenciano Luis Garc\u00eda Berlanga, en conmemoraci\u00f3n del centenario [&hellip;]","og_url":"https:\/\/costablancaup.com\/es\/festival-de-cine-de-lalfas-del-pi-2021\/","og_site_name":"COSTA BLANCA UP","article_published_time":"2021-06-29T09:02:43+00:00","article_modified_time":"2021-06-29T09:02:46+00:00","og_image":[{"width":1024,"height":622,"url":"https:\/\/costablancaup.com\/wp-content\/uploads\/2021\/06\/festival-cine-alfaz-del-pi-2021.jpg","type":"image\/jpeg"}],"author":"jas_admin","twitter_card":"summary_large_image","twitter_misc":{"Escrito por":"jas_admin","Tiempo de lectura":"1 minuto"},"schema":{"@context":"https:\/\/schema.org","@graph":[{"@type":"Article","@id":"https:\/\/costablancaup.com\/es\/festival-de-cine-de-lalfas-del-pi-2021\/#article","isPartOf":{"@id":"https:\/\/costablancaup.com\/es\/festival-de-cine-de-lalfas-del-pi-2021\/"},"author":{"name":"jas_admin","@id":"https:\/\/costablancaup.com\/es\/#\/schema\/person\/a4a0ee1ba74dae33c5d59d6279cd9489"},"headline":"\u00abFestival de Cine de l&#8217;Alf\u00e0s del Pi 2021\u00bb","datePublished":"2021-06-29T09:02:43+00:00","dateModified":"2021-06-29T09:02:46+00:00","mainEntityOfPage":{"@id":"https:\/\/costablancaup.com\/es\/festival-de-cine-de-lalfas-del-pi-2021\/"},"wordCount":134,"commentCount":0,"publisher":{"@id":"https:\/\/costablancaup.com\/es\/#organization"},"image":{"@id":"https:\/\/costablancaup.com\/es\/festival-de-cine-de-lalfas-del-pi-2021\/#primaryimage"},"thumbnailUrl":"https:\/\/costablancaup.com\/wp-content\/uploads\/2021\/06\/festival-cine-alfaz-del-pi-2021.jpg","keywords":["Alfaz del Pi"],"articleSection":["Eventos culturales","Ocio y cultura"],"inLanguage":"es","potentialAction":[{"@type":"CommentAction","name":"Comment","target":["https:\/\/costablancaup.com\/es\/festival-de-cine-de-lalfas-del-pi-2021\/#respond"]}]},{"@type":"WebPage","@id":"https:\/\/costablancaup.com\/es\/festival-de-cine-de-lalfas-del-pi-2021\/","url":"https:\/\/costablancaup.com\/es\/festival-de-cine-de-lalfas-del-pi-2021\/","name":"COSTA BLANCA UP - \"Festival de Cine de l'Alf\u00e0s del Pi 2021\"","isPartOf":{"@id":"https:\/\/costablancaup.com\/es\/#website"},"primaryImageOfPage":{"@id":"https:\/\/costablancaup.com\/es\/festival-de-cine-de-lalfas-del-pi-2021\/#primaryimage"},"image":{"@id":"https:\/\/costablancaup.com\/es\/festival-de-cine-de-lalfas-del-pi-2021\/#primaryimage"},"thumbnailUrl":"https:\/\/costablancaup.com\/wp-content\/uploads\/2021\/06\/festival-cine-alfaz-del-pi-2021.jpg","datePublished":"2021-06-29T09:02:43+00:00","dateModified":"2021-06-29T09:02:46+00:00","breadcrumb":{"@id":"https:\/\/costablancaup.com\/es\/festival-de-cine-de-lalfas-del-pi-2021\/#breadcrumb"},"inLanguage":"es","potentialAction":[{"@type":"ReadAction","target":["https:\/\/costablancaup.com\/es\/festival-de-cine-de-lalfas-del-pi-2021\/"]}]},{"@type":"ImageObject","inLanguage":"es","@id":"https:\/\/costablancaup.com\/es\/festival-de-cine-de-lalfas-del-pi-2021\/#primaryimage","url":"https:\/\/costablancaup.com\/wp-content\/uploads\/2021\/06\/festival-cine-alfaz-del-pi-2021.jpg","contentUrl":"https:\/\/costablancaup.com\/wp-content\/uploads\/2021\/06\/festival-cine-alfaz-del-pi-2021.jpg","width":1024,"height":622,"caption":"Festival de cine de Alfaz del Pi 2021"},{"@type":"BreadcrumbList","@id":"https:\/\/costablancaup.com\/es\/festival-de-cine-de-lalfas-del-pi-2021\/#breadcrumb","itemListElement":[{"@type":"ListItem","position":1,"name":"Home","item":"https:\/\/costablancaup.com\/es\/"},{"@type":"ListItem","position":2,"name":"\u00abFestival de Cine de l&#8217;Alf\u00e0s del Pi 2021\u00bb"}]},{"@type":"WebSite","@id":"https:\/\/costablancaup.com\/es\/#website","url":"https:\/\/costablancaup.com\/es\/","name":"COSTA BLANCA UP","description":"Costa Blanca Events and Agenda","publisher":{"@id":"https:\/\/costablancaup.com\/es\/#organization"},"potentialAction":[{"@type":"SearchAction","target":{"@type":"EntryPoint","urlTemplate":"https:\/\/costablancaup.com\/es\/?s={search_term_string}"},"query-input":{"@type":"PropertyValueSpecification","valueRequired":true,"valueName":"search_term_string"}}],"inLanguage":"es"},{"@type":"Organization","@id":"https:\/\/costablancaup.com\/es\/#organization","name":"Costa Blanca Up","url":"https:\/\/costablancaup.com\/es\/","logo":{"@type":"ImageObject","inLanguage":"es","@id":"https:\/\/costablancaup.com\/es\/#\/schema\/logo\/image\/","url":"https:\/\/costablancaup.com\/wp-content\/uploads\/2018\/07\/titulo_web-1.png","contentUrl":"https:\/\/costablancaup.com\/wp-content\/uploads\/2018\/07\/titulo_web-1.png","width":1973,"height":303,"caption":"Costa Blanca Up"},"image":{"@id":"https:\/\/costablancaup.com\/es\/#\/schema\/logo\/image\/"}},{"@type":"Person","@id":"https:\/\/costablancaup.com\/es\/#\/schema\/person\/a4a0ee1ba74dae33c5d59d6279cd9489","name":"jas_admin","image":{"@type":"ImageObject","inLanguage":"es","@id":"https:\/\/secure.gravatar.com\/avatar\/d5a1282fae1020d8b4f7a1b95dac31c3c08f7dfd0a06b2ba5aa24fa117526f78?s=96&d=mm&r=g","url":"https:\/\/secure.gravatar.com\/avatar\/d5a1282fae1020d8b4f7a1b95dac31c3c08f7dfd0a06b2ba5aa24fa117526f78?s=96&d=mm&r=g","contentUrl":"https:\/\/secure.gravatar.com\/avatar\/d5a1282fae1020d8b4f7a1b95dac31c3c08f7dfd0a06b2ba5aa24fa117526f78?s=96&d=mm&r=g","caption":"jas_admin"}}]}},"_links":{"self":[{"href":"https:\/\/costablancaup.com\/es\/wp-json\/wp\/v2\/posts\/49219","targetHints":{"allow":["GET"]}}],"collection":[{"href":"https:\/\/costablancaup.com\/es\/wp-json\/wp\/v2\/posts"}],"about":[{"href":"https:\/\/costablancaup.com\/es\/wp-json\/wp\/v2\/types\/post"}],"author":[{"embeddable":true,"href":"https:\/\/costablancaup.com\/es\/wp-json\/wp\/v2\/users\/1"}],"replies":[{"embeddable":true,"href":"https:\/\/costablancaup.com\/es\/wp-json\/wp\/v2\/comments?post=49219"}],"version-history":[{"count":1,"href":"https:\/\/costablancaup.com\/es\/wp-json\/wp\/v2\/posts\/49219\/revisions"}],"predecessor-version":[{"id":49223,"href":"https:\/\/costablancaup.com\/es\/wp-json\/wp\/v2\/posts\/49219\/revisions\/49223"}],"wp:featuredmedia":[{"embeddable":true,"href":"https:\/\/costablancaup.com\/es\/wp-json\/wp\/v2\/media\/49220"}],"wp:attachment":[{"href":"https:\/\/costablancaup.com\/es\/wp-json\/wp\/v2\/media?parent=49219"}],"wp:term":[{"taxonomy":"category","embeddable":true,"href":"https:\/\/costablancaup.com\/es\/wp-json\/wp\/v2\/categories?post=49219"},{"taxonomy":"post_tag","embeddable":true,"href":"https:\/\/costablancaup.com\/es\/wp-json\/wp\/v2\/tags?post=49219"}],"curies":[{"name":"wp","href":"https:\/\/api.w.org\/{rel}","templated":true}]}}